{"id":1607,"date":"2026-01-28T01:16:56","date_gmt":"2026-01-27T23:16:56","guid":{"rendered":"\/20252026\/ultims-preparatius-per-a-la-sessio-oberta-els-nervis-estan-a-flor-de-pell\/"},"modified":"2026-01-28T01:16:56","modified_gmt":"2026-01-27T23:16:56","slug":"ultims-preparatius-per-a-la-sessio-oberta-els-nervis-estan-a-flor-de-pell","status":"publish","type":"post","link":"\/20252026\/ultims-preparatius-per-a-la-sessio-oberta-els-nervis-estan-a-flor-de-pell\/","title":{"rendered":"\u201c\u00daltims preparatius per a la Sessi\u00f3 Oberta: Els nervis estan a flor de pell!\u201d"},"content":{"rendered":"<p>Des de <a href=\"https:\/\/blocsenresidencia.bcn.cat\/torrevicens2026\/ultims-preparatius-per-a-la-sessio-oberta-els-nervis-estan-a-flor-de-pell\/\">Marta Bisbal  EN RESiD\u00c8NCiA a l\u2019Institut Torre Vicens<\/a><\/p>\n<div>El dimecres dia 21 de gener, els nervis comencen a apoderar-se de nosaltres! Despr\u00e9s de setmanes de preparatius, assaigs i molta feina en grup, finalment estem a les portes de la sessi\u00f3 oberta del programa En Resid\u00e8ncia. La veritat \u00e9s que, tot i l\u2019emoci\u00f3 de compartir el que hem estat preparant, tamb\u00e9 ens sentim una \u2026 <\/p>\n<p class=\"link-more\"><a href=\"https:\/\/blocsenresidencia.bcn.cat\/torrevicens2026\/ultims-preparatius-per-a-la-sessio-oberta-els-nervis-estan-a-flor-de-pell\/\" class=\"more-link\">Continua llegint <span class=\"screen-reader-text\">\u00ab\u201c\u00daltims preparatius per a la Sessi\u00f3 Oberta: Els nervis estan a flor de pell!\u201d\u00bb<\/span><\/a><\/p>\n<\/div>\n","protected":false},"excerpt":{"rendered":"<p>Des de Marta Bisbal EN RESiD\u00c8NCiA a l\u2019Institut Torre Vicens El dimecres dia 21 de gener, els nervis comencen a apoderar-se de nosaltres! Despr\u00e9s de setmanes de preparatius, assaigs i molta feina en grup, finalment estem a les portes de la sessi\u00f3 oberta del programa En Resid\u00e8ncia. La veritat \u00e9s que, tot i l\u2019emoci\u00f3 de &hellip; <\/p>\n<p class=\"link-more\"><a href=\"\/20252026\/ultims-preparatius-per-a-la-sessio-oberta-els-nervis-estan-a-flor-de-pell\/\" class=\"more-link\">Continua llegint <span class=\"screen-reader-text\">\u00ab\u201c\u00daltims preparatius per a la Sessi\u00f3 Oberta: Els nervis estan a flor de pell!\u201d\u00bb<\/span><\/a><\/p>\n","protected":false},"author":4,"featured_media":0,"comment_status":"closed","ping_status":"closed","sticky":false,"template":"","format":"standard","meta":{"footnotes":""},"categories":[1],"tags":[],"class_list":["post-1607","post","type-post","status-publish","format-standard","hentry","category-general"],"_links":{"self":[{"href":"\/20252026\/wp-json\/wp\/v2\/posts\/1607","targetHints":{"allow":["GET"]}}],"collection":[{"href":"\/20252026\/wp-json\/wp\/v2\/posts"}],"about":[{"href":"\/20252026\/wp-json\/wp\/v2\/types\/post"}],"author":[{"embeddable":true,"href":"\/20252026\/wp-json\/wp\/v2\/users\/4"}],"replies":[{"embeddable":true,"href":"\/20252026\/wp-json\/wp\/v2\/comments?post=1607"}],"version-history":[{"count":0,"href":"\/20252026\/wp-json\/wp\/v2\/posts\/1607\/revisions"}],"wp:attachment":[{"href":"\/20252026\/wp-json\/wp\/v2\/media?parent=1607"}],"wp:term":[{"taxonomy":"category","embeddable":true,"href":"\/20252026\/wp-json\/wp\/v2\/categories?post=1607"},{"taxonomy":"post_tag","embeddable":true,"href":"\/20252026\/wp-json\/wp\/v2\/tags?post=1607"}],"curies":[{"name":"wp","href":"https:\/\/api.w.org\/{rel}","templated":true}]}}