{"id":1608,"date":"2026-01-30T00:05:32","date_gmt":"2026-01-29T22:05:32","guid":{"rendered":"\/20252026\/una-sessio-oberta-diferent-veure-els-objectes-des-dun-nou-punt-de-vista\/"},"modified":"2026-01-30T00:05:32","modified_gmt":"2026-01-29T22:05:32","slug":"una-sessio-oberta-diferent-veure-els-objectes-des-dun-nou-punt-de-vista","status":"publish","type":"post","link":"\/20252026\/una-sessio-oberta-diferent-veure-els-objectes-des-dun-nou-punt-de-vista\/","title":{"rendered":"\u201cUna Sessi\u00f3 Oberta diferent: veure els objectes des d\u2019un nou punt de vista\u201d"},"content":{"rendered":"<p>Des de <a href=\"https:\/\/blocsenresidencia.bcn.cat\/torrevicens2026\/una-sessio-oberta-diferent-veure-els-objectes-des-dun-nou-punt-de-vista\/\">Marta Bisbal  EN RESiD\u00c8NCiA a l\u2019Institut Torre Vicens<\/a><\/p>\n<div>Aquest dimecres 21 de gener a les 16:00 h, hem viscut una de les experi\u00e8ncies m\u00e9s incre\u00efbles del projecte En Resid\u00e8ncia. La sessi\u00f3 oberta no nom\u00e9s ha sigut una oportunitat per compartir el nostre treball, sin\u00f3 tamb\u00e9 per transmetre als professors i les professores com hem apr\u00e8s a veure els objectes d\u2019una manera diferent. Ens \u2026 <\/p>\n<p class=\"link-more\"><a href=\"https:\/\/blocsenresidencia.bcn.cat\/torrevicens2026\/una-sessio-oberta-diferent-veure-els-objectes-des-dun-nou-punt-de-vista\/\" class=\"more-link\">Continua llegint <span class=\"screen-reader-text\">\u00ab\u201cUna Sessi\u00f3 Oberta diferent: veure els objectes des d\u2019un nou punt de vista\u201d\u00bb<\/span><\/a><\/p>\n<\/div>\n","protected":false},"excerpt":{"rendered":"<p>Des de Marta Bisbal EN RESiD\u00c8NCiA a l\u2019Institut Torre Vicens Aquest dimecres 21 de gener a les 16:00 h, hem viscut una de les experi\u00e8ncies m\u00e9s incre\u00efbles del projecte En Resid\u00e8ncia. La sessi\u00f3 oberta no nom\u00e9s ha sigut una oportunitat per compartir el nostre treball, sin\u00f3 tamb\u00e9 per transmetre als professors i les professores com &hellip; <\/p>\n<p class=\"link-more\"><a href=\"\/20252026\/una-sessio-oberta-diferent-veure-els-objectes-des-dun-nou-punt-de-vista\/\" class=\"more-link\">Continua llegint <span class=\"screen-reader-text\">\u00ab\u201cUna Sessi\u00f3 Oberta diferent: veure els objectes des d\u2019un nou punt de vista\u201d\u00bb<\/span><\/a><\/p>\n","protected":false},"author":4,"featured_media":0,"comment_status":"closed","ping_status":"closed","sticky":false,"template":"","format":"standard","meta":{"footnotes":""},"categories":[1],"tags":[],"class_list":["post-1608","post","type-post","status-publish","format-standard","hentry","category-general"],"_links":{"self":[{"href":"\/20252026\/wp-json\/wp\/v2\/posts\/1608","targetHints":{"allow":["GET"]}}],"collection":[{"href":"\/20252026\/wp-json\/wp\/v2\/posts"}],"about":[{"href":"\/20252026\/wp-json\/wp\/v2\/types\/post"}],"author":[{"embeddable":true,"href":"\/20252026\/wp-json\/wp\/v2\/users\/4"}],"replies":[{"embeddable":true,"href":"\/20252026\/wp-json\/wp\/v2\/comments?post=1608"}],"version-history":[{"count":0,"href":"\/20252026\/wp-json\/wp\/v2\/posts\/1608\/revisions"}],"wp:attachment":[{"href":"\/20252026\/wp-json\/wp\/v2\/media?parent=1608"}],"wp:term":[{"taxonomy":"category","embeddable":true,"href":"\/20252026\/wp-json\/wp\/v2\/categories?post=1608"},{"taxonomy":"post_tag","embeddable":true,"href":"\/20252026\/wp-json\/wp\/v2\/tags?post=1608"}],"curies":[{"name":"wp","href":"https:\/\/api.w.org\/{rel}","templated":true}]}}