{"id":1609,"date":"2026-01-30T00:05:46","date_gmt":"2026-01-29T22:05:46","guid":{"rendered":"\/20252026\/primera-presa-de-contacte-amb-la-teresa-w\/"},"modified":"2026-01-30T00:05:46","modified_gmt":"2026-01-29T22:05:46","slug":"primera-presa-de-contacte-amb-la-teresa-w","status":"publish","type":"post","link":"\/20252026\/primera-presa-de-contacte-amb-la-teresa-w\/","title":{"rendered":"Primera presa de contacte amb la Teresa W."},"content":{"rendered":"<p>Des de <a href=\"https:\/\/blocsenresidencia.bcn.cat\/conselldecent2026\/primera-presa-de-contacte-amb-la-teresa-w\/\">teresa w \uff65*:\uff61.\uff61:*\uff65\u309c\uff9f\uff65* EN RESiD\u00c8NCiA a l\u2019Institut Consell de Cent (Barcelona)<\/a><\/p>\n<div>Hola a tothom! Som el grup de 4t d\u2019ESO i com ja sabeu, escrivim des del Consell de Cent, al barri del Poble-Sec. Aquest curs ens hem endinsat en una aventura nova per a nosaltres: el projecte EN RESiD\u00c8NCiA. A l\u2019inici de curs, ten\u00edem moltes preguntes sobre qu\u00e8 far\u00edem exactament en la mat\u00e8ria d\u2019Expressi\u00f3 Pl\u00e0stica, \u2026 <\/p>\n<p class=\"link-more\"><a href=\"https:\/\/blocsenresidencia.bcn.cat\/conselldecent2026\/primera-presa-de-contacte-amb-la-teresa-w\/\" class=\"more-link\">Continua llegint <span class=\"screen-reader-text\">\u00abPrimera presa de contacte amb la Teresa W.\u00bb<\/span><\/a><\/p>\n<\/div>\n","protected":false},"excerpt":{"rendered":"<p>Des de teresa w \uff65*:\uff61.\uff61:*\uff65\u309c\uff9f\uff65* EN RESiD\u00c8NCiA a l\u2019Institut Consell de Cent (Barcelona) Hola a tothom! Som el grup de 4t d\u2019ESO i com ja sabeu, escrivim des del Consell de Cent, al barri del Poble-Sec. Aquest curs ens hem endinsat en una aventura nova per a nosaltres: el projecte EN RESiD\u00c8NCiA. A l\u2019inici de &hellip; <\/p>\n<p class=\"link-more\"><a href=\"\/20252026\/primera-presa-de-contacte-amb-la-teresa-w\/\" class=\"more-link\">Continua llegint <span class=\"screen-reader-text\">\u00abPrimera presa de contacte amb la Teresa W.\u00bb<\/span><\/a><\/p>\n","protected":false},"author":4,"featured_media":0,"comment_status":"closed","ping_status":"closed","sticky":false,"template":"","format":"standard","meta":{"footnotes":""},"categories":[1],"tags":[],"class_list":["post-1609","post","type-post","status-publish","format-standard","hentry","category-general"],"_links":{"self":[{"href":"\/20252026\/wp-json\/wp\/v2\/posts\/1609","targetHints":{"allow":["GET"]}}],"collection":[{"href":"\/20252026\/wp-json\/wp\/v2\/posts"}],"about":[{"href":"\/20252026\/wp-json\/wp\/v2\/types\/post"}],"author":[{"embeddable":true,"href":"\/20252026\/wp-json\/wp\/v2\/users\/4"}],"replies":[{"embeddable":true,"href":"\/20252026\/wp-json\/wp\/v2\/comments?post=1609"}],"version-history":[{"count":0,"href":"\/20252026\/wp-json\/wp\/v2\/posts\/1609\/revisions"}],"wp:attachment":[{"href":"\/20252026\/wp-json\/wp\/v2\/media?parent=1609"}],"wp:term":[{"taxonomy":"category","embeddable":true,"href":"\/20252026\/wp-json\/wp\/v2\/categories?post=1609"},{"taxonomy":"post_tag","embeddable":true,"href":"\/20252026\/wp-json\/wp\/v2\/tags?post=1609"}],"curies":[{"name":"wp","href":"https:\/\/api.w.org\/{rel}","templated":true}]}}