{"id":1615,"date":"2026-01-31T00:02:58","date_gmt":"2026-01-30T22:02:58","guid":{"rendered":"\/20252026\/sintetitzem-el-treball-fet-al-primer-trimestre\/"},"modified":"2026-01-31T00:02:58","modified_gmt":"2026-01-30T22:02:58","slug":"sintetitzem-el-treball-fet-al-primer-trimestre","status":"publish","type":"post","link":"\/20252026\/sintetitzem-el-treball-fet-al-primer-trimestre\/","title":{"rendered":"Sintetitzem el treball fet al primer trimestre"},"content":{"rendered":"<p>Des de <a href=\"https:\/\/blocsenresidencia.bcn.cat\/jaumebotey2026\/sintetitzem-el-treball-fet-al-primer-trimestre\/\">Milena Rossignoli EN RESiD\u00c8NCiA a l\u2019Institut Jaume Botey (L\u2019Hospitalet de Llobregat)<\/a><\/p>\n<div>En el segon post, vol\u00edem presentar una s\u00e8rie de treballs nostres que s\u00f3n reflexions sobre diferents processos de creaci\u00f3 que hem realitzat amb la Milena. En aquest cas, vam decidir presentar els nostres treballs de forma art\u00edstica (en dibuix digital, tradicional o maquetes) en comptes d\u2019explicar-ho en forma de redacci\u00f3. En aquests treballs, hem volgut \u2026 <\/p>\n<p class=\"link-more\"><a href=\"https:\/\/blocsenresidencia.bcn.cat\/jaumebotey2026\/sintetitzem-el-treball-fet-al-primer-trimestre\/\" class=\"more-link\">Continua llegint <span class=\"screen-reader-text\">\u00abSintetitzem el treball fet al primer trimestre\u00bb<\/span><\/a><\/p>\n<\/div>\n","protected":false},"excerpt":{"rendered":"<p>Des de Milena Rossignoli EN RESiD\u00c8NCiA a l\u2019Institut Jaume Botey (L\u2019Hospitalet de Llobregat) En el segon post, vol\u00edem presentar una s\u00e8rie de treballs nostres que s\u00f3n reflexions sobre diferents processos de creaci\u00f3 que hem realitzat amb la Milena. En aquest cas, vam decidir presentar els nostres treballs de forma art\u00edstica (en dibuix digital, tradicional o &hellip; <\/p>\n<p class=\"link-more\"><a href=\"\/20252026\/sintetitzem-el-treball-fet-al-primer-trimestre\/\" class=\"more-link\">Continua llegint <span class=\"screen-reader-text\">\u00abSintetitzem el treball fet al primer trimestre\u00bb<\/span><\/a><\/p>\n","protected":false},"author":4,"featured_media":0,"comment_status":"closed","ping_status":"closed","sticky":false,"template":"","format":"standard","meta":{"footnotes":""},"categories":[1],"tags":[],"class_list":["post-1615","post","type-post","status-publish","format-standard","hentry","category-general"],"_links":{"self":[{"href":"\/20252026\/wp-json\/wp\/v2\/posts\/1615","targetHints":{"allow":["GET"]}}],"collection":[{"href":"\/20252026\/wp-json\/wp\/v2\/posts"}],"about":[{"href":"\/20252026\/wp-json\/wp\/v2\/types\/post"}],"author":[{"embeddable":true,"href":"\/20252026\/wp-json\/wp\/v2\/users\/4"}],"replies":[{"embeddable":true,"href":"\/20252026\/wp-json\/wp\/v2\/comments?post=1615"}],"version-history":[{"count":0,"href":"\/20252026\/wp-json\/wp\/v2\/posts\/1615\/revisions"}],"wp:attachment":[{"href":"\/20252026\/wp-json\/wp\/v2\/media?parent=1615"}],"wp:term":[{"taxonomy":"category","embeddable":true,"href":"\/20252026\/wp-json\/wp\/v2\/categories?post=1615"},{"taxonomy":"post_tag","embeddable":true,"href":"\/20252026\/wp-json\/wp\/v2\/tags?post=1615"}],"curies":[{"name":"wp","href":"https:\/\/api.w.org\/{rel}","templated":true}]}}