{"id":1619,"date":"2026-02-03T00:41:24","date_gmt":"2026-02-02T22:41:24","guid":{"rendered":"\/20252026\/convidada-especial\/"},"modified":"2026-02-03T00:41:24","modified_gmt":"2026-02-02T22:41:24","slug":"convidada-especial","status":"publish","type":"post","link":"\/20252026\/convidada-especial\/","title":{"rendered":"CONVIDADA ESPECIAL"},"content":{"rendered":"<p>Des de <a href=\"https:\/\/blocsenresidencia.bcn.cat\/pompeufabra2026\/convidada-especial\/\">V\u00edctor Jaenada EN RESiD\u00c8NCiA a l&#8217;Institut Pompeu Fabra (Badalona)<\/a><\/p>\n<div>El V\u00edctor ha portat una convidada especial a una de les sessions, la Isabel Bassas. Artista i productora d\u2019escenografies i vestuari que acompanyar\u00e0 V\u00edctor en aquest proc\u00e9s, per fer-se c\u00e0rrec d\u2019enllestir els materials necessaris per poder comen\u00e7ar a treballar en l\u2019obra. L\u2019arribada de material ha estat una explosi\u00f3 de curiositat al grup; toca saber qu\u00e8 \u2026 <\/p>\n<p class=\"link-more\"><a href=\"https:\/\/blocsenresidencia.bcn.cat\/pompeufabra2026\/convidada-especial\/\" class=\"more-link\">Continua llegint <span class=\"screen-reader-text\">\u00abCONVIDADA ESPECIAL\u00bb<\/span><\/a><\/p>\n<\/div>\n","protected":false},"excerpt":{"rendered":"<p>Des de V\u00edctor Jaenada EN RESiD\u00c8NCiA a l&#8217;Institut Pompeu Fabra (Badalona) El V\u00edctor ha portat una convidada especial a una de les sessions, la Isabel Bassas. Artista i productora d\u2019escenografies i vestuari que acompanyar\u00e0 V\u00edctor en aquest proc\u00e9s, per fer-se c\u00e0rrec d\u2019enllestir els materials necessaris per poder comen\u00e7ar a treballar en l\u2019obra. L\u2019arribada de material &hellip; <\/p>\n<p class=\"link-more\"><a href=\"\/20252026\/convidada-especial\/\" class=\"more-link\">Continua llegint <span class=\"screen-reader-text\">\u00abCONVIDADA ESPECIAL\u00bb<\/span><\/a><\/p>\n","protected":false},"author":4,"featured_media":0,"comment_status":"closed","ping_status":"closed","sticky":false,"template":"","format":"standard","meta":{"footnotes":""},"categories":[1],"tags":[],"class_list":["post-1619","post","type-post","status-publish","format-standard","hentry","category-general"],"_links":{"self":[{"href":"\/20252026\/wp-json\/wp\/v2\/posts\/1619","targetHints":{"allow":["GET"]}}],"collection":[{"href":"\/20252026\/wp-json\/wp\/v2\/posts"}],"about":[{"href":"\/20252026\/wp-json\/wp\/v2\/types\/post"}],"author":[{"embeddable":true,"href":"\/20252026\/wp-json\/wp\/v2\/users\/4"}],"replies":[{"embeddable":true,"href":"\/20252026\/wp-json\/wp\/v2\/comments?post=1619"}],"version-history":[{"count":0,"href":"\/20252026\/wp-json\/wp\/v2\/posts\/1619\/revisions"}],"wp:attachment":[{"href":"\/20252026\/wp-json\/wp\/v2\/media?parent=1619"}],"wp:term":[{"taxonomy":"category","embeddable":true,"href":"\/20252026\/wp-json\/wp\/v2\/categories?post=1619"},{"taxonomy":"post_tag","embeddable":true,"href":"\/20252026\/wp-json\/wp\/v2\/tags?post=1619"}],"curies":[{"name":"wp","href":"https:\/\/api.w.org\/{rel}","templated":true}]}}