{"id":1620,"date":"2026-02-03T00:41:31","date_gmt":"2026-02-02T22:41:31","guid":{"rendered":"\/20252026\/mes-de-gener-investigacions-moviments-paraules-i-injusticies\/"},"modified":"2026-02-03T00:41:31","modified_gmt":"2026-02-02T22:41:31","slug":"mes-de-gener-investigacions-moviments-paraules-i-injusticies","status":"publish","type":"post","link":"\/20252026\/mes-de-gener-investigacions-moviments-paraules-i-injusticies\/","title":{"rendered":"Mes de gener: investigacions, moviments, paraules i injust\u00edcies"},"content":{"rendered":"<p>Des de <a href=\"https:\/\/blocsenresidencia.bcn.cat\/sants2026\/mes-de-gener-investigacions-moviments-paraules-i-injusticies\/\">Carolina Torres Topaga EN RESiD\u00c8NCiA a l\u2019Institut Sants (Barcelona)<\/a><\/p>\n<div>Sessi\u00f3 del 21 de gener: Investigaci\u00f3, moviment i la veu del grup La sessi\u00f3 va arrencar posant el focus en la realitat immediata a partir de not\u00edcies i hist\u00f2ries que l\u2019alumnat havia investigat pr\u00e8viament. El grup es va dividir en tres equips per abordar tem\u00e0tiques molt diverses: el primer va treballar sobre el robatori al \u2026 <\/p>\n<p class=\"link-more\"><a href=\"https:\/\/blocsenresidencia.bcn.cat\/sants2026\/mes-de-gener-investigacions-moviments-paraules-i-injusticies\/\" class=\"more-link\">Continua llegint <span class=\"screen-reader-text\">\u00abMes de gener: investigacions, moviments, paraules i injust\u00edcies\u00bb<\/span><\/a><\/p>\n<\/div>\n","protected":false},"excerpt":{"rendered":"<p>Des de Carolina Torres Topaga EN RESiD\u00c8NCiA a l\u2019Institut Sants (Barcelona) Sessi\u00f3 del 21 de gener: Investigaci\u00f3, moviment i la veu del grup La sessi\u00f3 va arrencar posant el focus en la realitat immediata a partir de not\u00edcies i hist\u00f2ries que l\u2019alumnat havia investigat pr\u00e8viament. El grup es va dividir en tres equips per abordar &hellip; <\/p>\n<p class=\"link-more\"><a href=\"\/20252026\/mes-de-gener-investigacions-moviments-paraules-i-injusticies\/\" class=\"more-link\">Continua llegint <span class=\"screen-reader-text\">\u00abMes de gener: investigacions, moviments, paraules i injust\u00edcies\u00bb<\/span><\/a><\/p>\n","protected":false},"author":4,"featured_media":0,"comment_status":"closed","ping_status":"closed","sticky":false,"template":"","format":"standard","meta":{"footnotes":""},"categories":[1],"tags":[],"class_list":["post-1620","post","type-post","status-publish","format-standard","hentry","category-general"],"_links":{"self":[{"href":"\/20252026\/wp-json\/wp\/v2\/posts\/1620","targetHints":{"allow":["GET"]}}],"collection":[{"href":"\/20252026\/wp-json\/wp\/v2\/posts"}],"about":[{"href":"\/20252026\/wp-json\/wp\/v2\/types\/post"}],"author":[{"embeddable":true,"href":"\/20252026\/wp-json\/wp\/v2\/users\/4"}],"replies":[{"embeddable":true,"href":"\/20252026\/wp-json\/wp\/v2\/comments?post=1620"}],"version-history":[{"count":0,"href":"\/20252026\/wp-json\/wp\/v2\/posts\/1620\/revisions"}],"wp:attachment":[{"href":"\/20252026\/wp-json\/wp\/v2\/media?parent=1620"}],"wp:term":[{"taxonomy":"category","embeddable":true,"href":"\/20252026\/wp-json\/wp\/v2\/categories?post=1620"},{"taxonomy":"post_tag","embeddable":true,"href":"\/20252026\/wp-json\/wp\/v2\/tags?post=1620"}],"curies":[{"name":"wp","href":"https:\/\/api.w.org\/{rel}","templated":true}]}}