{"id":1625,"date":"2026-02-06T14:26:28","date_gmt":"2026-02-06T12:26:28","guid":{"rendered":"\/20252026\/reflexions-sobre-la-sessio-oberta-plasmant-lexperiencia-al-quadern-dartista\/"},"modified":"2026-02-06T14:26:28","modified_gmt":"2026-02-06T12:26:28","slug":"reflexions-sobre-la-sessio-oberta-plasmant-lexperiencia-al-quadern-dartista","status":"publish","type":"post","link":"\/20252026\/reflexions-sobre-la-sessio-oberta-plasmant-lexperiencia-al-quadern-dartista\/","title":{"rendered":"Reflexions sobre la Sessi\u00f3 Oberta: Plasmant l\u2019experi\u00e8ncia al quadern d\u2019artista"},"content":{"rendered":"<p>Des de <a href=\"https:\/\/blocsenresidencia.bcn.cat\/torrevicens2026\/reflexions-sobre-la-sessio-oberta-plasmant-lexperiencia-al-quadern-dartista\/\">Marta Bisbal  EN RESiD\u00c8NCiA a l\u2019Institut Torre Vicens<\/a><\/p>\n<div>La sessi\u00f3 oberta va ser una finestra que ens va permetre veure m\u00e9s enll\u00e0 del que sol\u00edem percebre. Un moment d\u2019intercanvi, d\u2019observaci\u00f3 i de connexi\u00f3 amb nosaltres mateixos i amb els altres. Va ser un espai on les idees van fluir, on les emocions van estar presents i on, m\u00e9s que mai, v\u00e0rem aprendre a \u2026 <\/p>\n<p class=\"link-more\"><a href=\"https:\/\/blocsenresidencia.bcn.cat\/torrevicens2026\/reflexions-sobre-la-sessio-oberta-plasmant-lexperiencia-al-quadern-dartista\/\" class=\"more-link\">Continua llegint <span class=\"screen-reader-text\">\u00abReflexions sobre la Sessi\u00f3 Oberta: Plasmant l\u2019experi\u00e8ncia al quadern d\u2019artista\u00bb<\/span><\/a><\/p>\n<\/div>\n","protected":false},"excerpt":{"rendered":"<p>Des de Marta Bisbal EN RESiD\u00c8NCiA a l\u2019Institut Torre Vicens La sessi\u00f3 oberta va ser una finestra que ens va permetre veure m\u00e9s enll\u00e0 del que sol\u00edem percebre. Un moment d\u2019intercanvi, d\u2019observaci\u00f3 i de connexi\u00f3 amb nosaltres mateixos i amb els altres. Va ser un espai on les idees van fluir, on les emocions van &hellip; <\/p>\n<p class=\"link-more\"><a href=\"\/20252026\/reflexions-sobre-la-sessio-oberta-plasmant-lexperiencia-al-quadern-dartista\/\" class=\"more-link\">Continua llegint <span class=\"screen-reader-text\">\u00abReflexions sobre la Sessi\u00f3 Oberta: Plasmant l\u2019experi\u00e8ncia al quadern d\u2019artista\u00bb<\/span><\/a><\/p>\n","protected":false},"author":4,"featured_media":0,"comment_status":"closed","ping_status":"closed","sticky":false,"template":"","format":"standard","meta":{"footnotes":""},"categories":[1],"tags":[],"class_list":["post-1625","post","type-post","status-publish","format-standard","hentry","category-general"],"_links":{"self":[{"href":"\/20252026\/wp-json\/wp\/v2\/posts\/1625","targetHints":{"allow":["GET"]}}],"collection":[{"href":"\/20252026\/wp-json\/wp\/v2\/posts"}],"about":[{"href":"\/20252026\/wp-json\/wp\/v2\/types\/post"}],"author":[{"embeddable":true,"href":"\/20252026\/wp-json\/wp\/v2\/users\/4"}],"replies":[{"embeddable":true,"href":"\/20252026\/wp-json\/wp\/v2\/comments?post=1625"}],"version-history":[{"count":0,"href":"\/20252026\/wp-json\/wp\/v2\/posts\/1625\/revisions"}],"wp:attachment":[{"href":"\/20252026\/wp-json\/wp\/v2\/media?parent=1625"}],"wp:term":[{"taxonomy":"category","embeddable":true,"href":"\/20252026\/wp-json\/wp\/v2\/categories?post=1625"},{"taxonomy":"post_tag","embeddable":true,"href":"\/20252026\/wp-json\/wp\/v2\/tags?post=1625"}],"curies":[{"name":"wp","href":"https:\/\/api.w.org\/{rel}","templated":true}]}}