{"id":1629,"date":"2026-02-11T00:42:05","date_gmt":"2026-02-10T22:42:05","guid":{"rendered":"\/20252026\/introspeccio-amb-la-llana-un-viatge-interior-al-quadern-dartista\/"},"modified":"2026-02-11T00:42:05","modified_gmt":"2026-02-10T22:42:05","slug":"introspeccio-amb-la-llana-un-viatge-interior-al-quadern-dartista","status":"publish","type":"post","link":"\/20252026\/introspeccio-amb-la-llana-un-viatge-interior-al-quadern-dartista\/","title":{"rendered":"Introspecci\u00f3 amb la llana: Un viatge interior al quadern d\u2019artista"},"content":{"rendered":"<p>Des de <a href=\"https:\/\/blocsenresidencia.bcn.cat\/torrevicens2026\/introspeccio-amb-la-llana-un-viatge-interior-al-quadern-dartista\/\">Marta Bisbal  EN RESiD\u00c8NCiA a l\u2019Institut Torre Vicens<\/a><\/p>\n<div>Avui hem viscut una experi\u00e8ncia que ens ha portat des de la connexi\u00f3 amb els altres cap a la profunditat del nostre propi m\u00f3n interior. La llana, que primer ens va unir a trav\u00e9s del treball en grup, es va convertir, a poc a poc, en el fil conductor que ens va permetre endinsar-nos dins \u2026 <\/p>\n<p class=\"link-more\"><a href=\"https:\/\/blocsenresidencia.bcn.cat\/torrevicens2026\/introspeccio-amb-la-llana-un-viatge-interior-al-quadern-dartista\/\" class=\"more-link\">Continua llegint <span class=\"screen-reader-text\">\u00abIntrospecci\u00f3 amb la llana: Un viatge interior al quadern d\u2019artista\u00bb<\/span><\/a><\/p>\n<\/div>\n","protected":false},"excerpt":{"rendered":"<p>Des de Marta Bisbal EN RESiD\u00c8NCiA a l\u2019Institut Torre Vicens Avui hem viscut una experi\u00e8ncia que ens ha portat des de la connexi\u00f3 amb els altres cap a la profunditat del nostre propi m\u00f3n interior. La llana, que primer ens va unir a trav\u00e9s del treball en grup, es va convertir, a poc a poc, &hellip; <\/p>\n<p class=\"link-more\"><a href=\"\/20252026\/introspeccio-amb-la-llana-un-viatge-interior-al-quadern-dartista\/\" class=\"more-link\">Continua llegint <span class=\"screen-reader-text\">\u00abIntrospecci\u00f3 amb la llana: Un viatge interior al quadern d\u2019artista\u00bb<\/span><\/a><\/p>\n","protected":false},"author":4,"featured_media":0,"comment_status":"closed","ping_status":"closed","sticky":false,"template":"","format":"standard","meta":{"footnotes":""},"categories":[1],"tags":[],"class_list":["post-1629","post","type-post","status-publish","format-standard","hentry","category-general"],"_links":{"self":[{"href":"\/20252026\/wp-json\/wp\/v2\/posts\/1629","targetHints":{"allow":["GET"]}}],"collection":[{"href":"\/20252026\/wp-json\/wp\/v2\/posts"}],"about":[{"href":"\/20252026\/wp-json\/wp\/v2\/types\/post"}],"author":[{"embeddable":true,"href":"\/20252026\/wp-json\/wp\/v2\/users\/4"}],"replies":[{"embeddable":true,"href":"\/20252026\/wp-json\/wp\/v2\/comments?post=1629"}],"version-history":[{"count":0,"href":"\/20252026\/wp-json\/wp\/v2\/posts\/1629\/revisions"}],"wp:attachment":[{"href":"\/20252026\/wp-json\/wp\/v2\/media?parent=1629"}],"wp:term":[{"taxonomy":"category","embeddable":true,"href":"\/20252026\/wp-json\/wp\/v2\/categories?post=1629"},{"taxonomy":"post_tag","embeddable":true,"href":"\/20252026\/wp-json\/wp\/v2\/tags?post=1629"}],"curies":[{"name":"wp","href":"https:\/\/api.w.org\/{rel}","templated":true}]}}