{"id":1630,"date":"2026-02-11T00:42:11","date_gmt":"2026-02-10T22:42:11","guid":{"rendered":"\/20252026\/pensant-en-la-sessio-oberta\/"},"modified":"2026-02-11T00:42:11","modified_gmt":"2026-02-10T22:42:11","slug":"pensant-en-la-sessio-oberta","status":"publish","type":"post","link":"\/20252026\/pensant-en-la-sessio-oberta\/","title":{"rendered":"Pensant en la sessi\u00f3 oberta\u2026"},"content":{"rendered":"<p>Des de <a href=\"https:\/\/blocsenresidencia.bcn.cat\/sedeta2026\/pensant-en-la-sessio-oberta\/\">Mar Garcia i Javi Soler EN RESiD\u00c8NCiA a l\u2019Institut La Sedeta (Barcelona)<\/a><\/p>\n<div>Hem fet una reflexi\u00f3 individual sobre el que suposa fer la sessi\u00f3 oberta al professorat del proper 19 de febrer. Ferran: Expectativa perqu\u00e8 no sabem amb certesa que passar\u00e0. Laura: Tinc ganes de veure que opinen els profes. Ona R: Tinc ganes perque no s\u00e9 com reaccionaran ni que s\u2019esperen.\u00a0 Noa:Tinc ganes de fer-ho pero \u2026 <\/p>\n<p class=\"link-more\"><a href=\"https:\/\/blocsenresidencia.bcn.cat\/sedeta2026\/pensant-en-la-sessio-oberta\/\" class=\"more-link\">Continua llegint <span class=\"screen-reader-text\">\u00abPensant en la sessi\u00f3 oberta\u2026\u00bb<\/span><\/a><\/p>\n<\/div>\n","protected":false},"excerpt":{"rendered":"<p>Des de Mar Garcia i Javi Soler EN RESiD\u00c8NCiA a l\u2019Institut La Sedeta (Barcelona) Hem fet una reflexi\u00f3 individual sobre el que suposa fer la sessi\u00f3 oberta al professorat del proper 19 de febrer. Ferran: Expectativa perqu\u00e8 no sabem amb certesa que passar\u00e0. Laura: Tinc ganes de veure que opinen els profes. Ona R: Tinc &hellip; <\/p>\n<p class=\"link-more\"><a href=\"\/20252026\/pensant-en-la-sessio-oberta\/\" class=\"more-link\">Continua llegint <span class=\"screen-reader-text\">\u00abPensant en la sessi\u00f3 oberta\u2026\u00bb<\/span><\/a><\/p>\n","protected":false},"author":4,"featured_media":0,"comment_status":"closed","ping_status":"closed","sticky":false,"template":"","format":"standard","meta":{"footnotes":""},"categories":[1],"tags":[],"class_list":["post-1630","post","type-post","status-publish","format-standard","hentry","category-general"],"_links":{"self":[{"href":"\/20252026\/wp-json\/wp\/v2\/posts\/1630","targetHints":{"allow":["GET"]}}],"collection":[{"href":"\/20252026\/wp-json\/wp\/v2\/posts"}],"about":[{"href":"\/20252026\/wp-json\/wp\/v2\/types\/post"}],"author":[{"embeddable":true,"href":"\/20252026\/wp-json\/wp\/v2\/users\/4"}],"replies":[{"embeddable":true,"href":"\/20252026\/wp-json\/wp\/v2\/comments?post=1630"}],"version-history":[{"count":0,"href":"\/20252026\/wp-json\/wp\/v2\/posts\/1630\/revisions"}],"wp:attachment":[{"href":"\/20252026\/wp-json\/wp\/v2\/media?parent=1630"}],"wp:term":[{"taxonomy":"category","embeddable":true,"href":"\/20252026\/wp-json\/wp\/v2\/categories?post=1630"},{"taxonomy":"post_tag","embeddable":true,"href":"\/20252026\/wp-json\/wp\/v2\/tags?post=1630"}],"curies":[{"name":"wp","href":"https:\/\/api.w.org\/{rel}","templated":true}]}}