{"id":1632,"date":"2026-02-12T00:22:05","date_gmt":"2026-02-11T22:22:05","guid":{"rendered":"\/20252026\/donem-la-benvinguda-a-loriol-morales-al-barri-besos\/"},"modified":"2026-02-12T00:22:05","modified_gmt":"2026-02-11T22:22:05","slug":"donem-la-benvinguda-a-loriol-morales-al-barri-besos","status":"publish","type":"post","link":"\/20252026\/donem-la-benvinguda-a-loriol-morales-al-barri-besos\/","title":{"rendered":"Donem la benvinguda a l\u2019Oriol Morales al Barri Bes\u00f2s"},"content":{"rendered":"<p>Des de <a href=\"https:\/\/blocsenresidencia.bcn.cat\/barribesos2026\/donem-la-benvinguda-a-loriol-morales-al-barri-besos\/\">Pablo Macho Otero EN RESiD\u00c8NCiA a l\u2019Institut Barri Bes\u00f2s (Barcelona)<\/a><\/p>\n<div>Este curs la Resid\u00e8ncia a l\u2019Institut Barri Bes\u00f2s inicia una nova etapa: en Pablo Macho ens ha deixat i el relleu com a artista resident l\u2019ha agafat l\u2019Oriol Morales. Durant els darrers mesos, en Pablo Macho ha acompanyat el grup en un proc\u00e9s de creaci\u00f3 que ha combinat mirada cr\u00edtica, humor i molta escolta cap \u2026 <\/p>\n<p class=\"link-more\"><a href=\"https:\/\/blocsenresidencia.bcn.cat\/barribesos2026\/donem-la-benvinguda-a-loriol-morales-al-barri-besos\/\" class=\"more-link\">Continua llegint <span class=\"screen-reader-text\">\u00abDonem la benvinguda a l\u2019Oriol Morales al Barri Bes\u00f2s\u00bb<\/span><\/a><\/p>\n<\/div>\n","protected":false},"excerpt":{"rendered":"<p>Des de Pablo Macho Otero EN RESiD\u00c8NCiA a l\u2019Institut Barri Bes\u00f2s (Barcelona) Este curs la Resid\u00e8ncia a l\u2019Institut Barri Bes\u00f2s inicia una nova etapa: en Pablo Macho ens ha deixat i el relleu com a artista resident l\u2019ha agafat l\u2019Oriol Morales. Durant els darrers mesos, en Pablo Macho ha acompanyat el grup en un proc\u00e9s &hellip; <\/p>\n<p class=\"link-more\"><a href=\"\/20252026\/donem-la-benvinguda-a-loriol-morales-al-barri-besos\/\" class=\"more-link\">Continua llegint <span class=\"screen-reader-text\">\u00abDonem la benvinguda a l\u2019Oriol Morales al Barri Bes\u00f2s\u00bb<\/span><\/a><\/p>\n","protected":false},"author":4,"featured_media":0,"comment_status":"closed","ping_status":"closed","sticky":false,"template":"","format":"standard","meta":{"footnotes":""},"categories":[1],"tags":[],"class_list":["post-1632","post","type-post","status-publish","format-standard","hentry","category-general"],"_links":{"self":[{"href":"\/20252026\/wp-json\/wp\/v2\/posts\/1632","targetHints":{"allow":["GET"]}}],"collection":[{"href":"\/20252026\/wp-json\/wp\/v2\/posts"}],"about":[{"href":"\/20252026\/wp-json\/wp\/v2\/types\/post"}],"author":[{"embeddable":true,"href":"\/20252026\/wp-json\/wp\/v2\/users\/4"}],"replies":[{"embeddable":true,"href":"\/20252026\/wp-json\/wp\/v2\/comments?post=1632"}],"version-history":[{"count":0,"href":"\/20252026\/wp-json\/wp\/v2\/posts\/1632\/revisions"}],"wp:attachment":[{"href":"\/20252026\/wp-json\/wp\/v2\/media?parent=1632"}],"wp:term":[{"taxonomy":"category","embeddable":true,"href":"\/20252026\/wp-json\/wp\/v2\/categories?post=1632"},{"taxonomy":"post_tag","embeddable":true,"href":"\/20252026\/wp-json\/wp\/v2\/tags?post=1632"}],"curies":[{"name":"wp","href":"https:\/\/api.w.org\/{rel}","templated":true}]}}