{"id":1637,"date":"2026-02-25T00:01:06","date_gmt":"2026-02-24T22:01:06","guid":{"rendered":"\/20252026\/jornada-oberta-del-proces-el-18-de-febrer-mostrar-retornar-i-dialogar-des-daltres-posicions\/"},"modified":"2026-02-25T00:01:06","modified_gmt":"2026-02-24T22:01:06","slug":"jornada-oberta-del-proces-el-18-de-febrer-mostrar-retornar-i-dialogar-des-daltres-posicions","status":"publish","type":"post","link":"\/20252026\/jornada-oberta-del-proces-el-18-de-febrer-mostrar-retornar-i-dialogar-des-daltres-posicions\/","title":{"rendered":"Jornada oberta del proc\u00e9s el 18 de Febrer: Mostrar, retornar i dialogar des d\u2019altres posicions"},"content":{"rendered":"<p>Des de <a href=\"https:\/\/blocsenresidencia.bcn.cat\/sants2026\/jornada-oberta-del-proces-el-18-de-febrer-mostrar-retornar-i-dialogar-des-daltres-posicions\/\">Carolina Torres Topaga EN RESiD\u00c8NCiA a l\u2019Institut Sants (Barcelona)<\/a><\/p>\n<div>El passat 18 de febrer vam dur a terme una sessi\u00f3 clau en el nostre projecte d\u2019arts esc\u00e8niques. Vam dedicar tota la jornada a realitzar un assaig general intensiu de les cinc coreografies que conformen el cos del treball, amb l\u2019objectiu de consolidar una primera presentaci\u00f3 coherent i vertebrada sota una tem\u00e0tica espec\u00edfica. Malgrat els \u2026 <\/p>\n<p class=\"link-more\"><a href=\"https:\/\/blocsenresidencia.bcn.cat\/sants2026\/jornada-oberta-del-proces-el-18-de-febrer-mostrar-retornar-i-dialogar-des-daltres-posicions\/\" class=\"more-link\">Continua llegint <span class=\"screen-reader-text\">\u00abJornada oberta del proc\u00e9s el 18 de Febrer: Mostrar, retornar i dialogar des d\u2019altres posicions\u00bb<\/span><\/a><\/p>\n<\/div>\n","protected":false},"excerpt":{"rendered":"<p>Des de Carolina Torres Topaga EN RESiD\u00c8NCiA a l\u2019Institut Sants (Barcelona) El passat 18 de febrer vam dur a terme una sessi\u00f3 clau en el nostre projecte d\u2019arts esc\u00e8niques. Vam dedicar tota la jornada a realitzar un assaig general intensiu de les cinc coreografies que conformen el cos del treball, amb l\u2019objectiu de consolidar una &hellip; <\/p>\n<p class=\"link-more\"><a href=\"\/20252026\/jornada-oberta-del-proces-el-18-de-febrer-mostrar-retornar-i-dialogar-des-daltres-posicions\/\" class=\"more-link\">Continua llegint <span class=\"screen-reader-text\">\u00abJornada oberta del proc\u00e9s el 18 de Febrer: Mostrar, retornar i dialogar des d\u2019altres posicions\u00bb<\/span><\/a><\/p>\n","protected":false},"author":4,"featured_media":0,"comment_status":"closed","ping_status":"closed","sticky":false,"template":"","format":"standard","meta":{"footnotes":""},"categories":[1],"tags":[],"class_list":["post-1637","post","type-post","status-publish","format-standard","hentry","category-general"],"_links":{"self":[{"href":"\/20252026\/wp-json\/wp\/v2\/posts\/1637","targetHints":{"allow":["GET"]}}],"collection":[{"href":"\/20252026\/wp-json\/wp\/v2\/posts"}],"about":[{"href":"\/20252026\/wp-json\/wp\/v2\/types\/post"}],"author":[{"embeddable":true,"href":"\/20252026\/wp-json\/wp\/v2\/users\/4"}],"replies":[{"embeddable":true,"href":"\/20252026\/wp-json\/wp\/v2\/comments?post=1637"}],"version-history":[{"count":0,"href":"\/20252026\/wp-json\/wp\/v2\/posts\/1637\/revisions"}],"wp:attachment":[{"href":"\/20252026\/wp-json\/wp\/v2\/media?parent=1637"}],"wp:term":[{"taxonomy":"category","embeddable":true,"href":"\/20252026\/wp-json\/wp\/v2\/categories?post=1637"},{"taxonomy":"post_tag","embeddable":true,"href":"\/20252026\/wp-json\/wp\/v2\/tags?post=1637"}],"curies":[{"name":"wp","href":"https:\/\/api.w.org\/{rel}","templated":true}]}}