{"id":1643,"date":"2026-03-04T00:08:51","date_gmt":"2026-03-03T22:08:51","guid":{"rendered":"\/20252026\/reflexions-despres-de-la-sessio-oberta\/"},"modified":"2026-03-04T00:08:51","modified_gmt":"2026-03-03T22:08:51","slug":"reflexions-despres-de-la-sessio-oberta","status":"publish","type":"post","link":"\/20252026\/reflexions-despres-de-la-sessio-oberta\/","title":{"rendered":"Reflexions despr\u00e9s de la sessi\u00f3 oberta"},"content":{"rendered":"<p>Des de <a href=\"https:\/\/blocsenresidencia.bcn.cat\/sedeta2026\/reflexions-despres-de-la-sessio-oberta\/\">Mar Garcia i Javi Soler EN RESiD\u00c8NCiA a l\u2019Institut La Sedeta (Barcelona)<\/a><\/p>\n<div>El dia 19 de febrer vam fer la sessi\u00f3 oberta on el professorat que va voler va venir. Vam presentar-los la nostra creaci\u00f3, que \u00e9s: Les nostres reflexions Lia: La veritat no estava gaire nerviosa, m\u2019ha semblat un projecte for\u00e7a xulo, perqu\u00e8 encara que en algun moment m\u2019hagi equivocat en alguns altres era for\u00e7a desestressant. \u2026 <\/p>\n<p class=\"link-more\"><a href=\"https:\/\/blocsenresidencia.bcn.cat\/sedeta2026\/reflexions-despres-de-la-sessio-oberta\/\" class=\"more-link\">Continua llegint <span class=\"screen-reader-text\">\u00abReflexions despr\u00e9s de la sessi\u00f3 oberta\u00bb<\/span><\/a><\/p>\n<\/div>\n","protected":false},"excerpt":{"rendered":"<p>Des de Mar Garcia i Javi Soler EN RESiD\u00c8NCiA a l\u2019Institut La Sedeta (Barcelona) El dia 19 de febrer vam fer la sessi\u00f3 oberta on el professorat que va voler va venir. Vam presentar-los la nostra creaci\u00f3, que \u00e9s: Les nostres reflexions Lia: La veritat no estava gaire nerviosa, m\u2019ha semblat un projecte for\u00e7a xulo, &hellip; <\/p>\n<p class=\"link-more\"><a href=\"\/20252026\/reflexions-despres-de-la-sessio-oberta\/\" class=\"more-link\">Continua llegint <span class=\"screen-reader-text\">\u00abReflexions despr\u00e9s de la sessi\u00f3 oberta\u00bb<\/span><\/a><\/p>\n","protected":false},"author":4,"featured_media":0,"comment_status":"closed","ping_status":"closed","sticky":false,"template":"","format":"standard","meta":{"footnotes":""},"categories":[1],"tags":[],"class_list":["post-1643","post","type-post","status-publish","format-standard","hentry","category-general"],"_links":{"self":[{"href":"\/20252026\/wp-json\/wp\/v2\/posts\/1643","targetHints":{"allow":["GET"]}}],"collection":[{"href":"\/20252026\/wp-json\/wp\/v2\/posts"}],"about":[{"href":"\/20252026\/wp-json\/wp\/v2\/types\/post"}],"author":[{"embeddable":true,"href":"\/20252026\/wp-json\/wp\/v2\/users\/4"}],"replies":[{"embeddable":true,"href":"\/20252026\/wp-json\/wp\/v2\/comments?post=1643"}],"version-history":[{"count":0,"href":"\/20252026\/wp-json\/wp\/v2\/posts\/1643\/revisions"}],"wp:attachment":[{"href":"\/20252026\/wp-json\/wp\/v2\/media?parent=1643"}],"wp:term":[{"taxonomy":"category","embeddable":true,"href":"\/20252026\/wp-json\/wp\/v2\/categories?post=1643"},{"taxonomy":"post_tag","embeddable":true,"href":"\/20252026\/wp-json\/wp\/v2\/tags?post=1643"}],"curies":[{"name":"wp","href":"https:\/\/api.w.org\/{rel}","templated":true}]}}