{"id":1647,"date":"2026-03-04T12:06:13","date_gmt":"2026-03-04T10:06:13","guid":{"rendered":"\/20252026\/els-inicis-preparant-la-mostra\/"},"modified":"2026-03-04T12:06:13","modified_gmt":"2026-03-04T10:06:13","slug":"els-inicis-preparant-la-mostra","status":"publish","type":"post","link":"\/20252026\/els-inicis-preparant-la-mostra\/","title":{"rendered":"Els inicis: preparant la mostra"},"content":{"rendered":"<p>Des de <a href=\"https:\/\/blocsenresidencia.bcn.cat\/bastida2026\/els-inicis-preparant-la-mostra\/\">Carmela Mu\u00f1oz i Esther Sol\u00e9 Alarc\u00f3n EN RESiD\u00c8NCiA a l\u2019Institut La Bastida  (Santa Coloma de Gramenet)<\/a><\/p>\n<div>Analitzem com cont\u00ednua el proc\u00e9s que estem seguint amb referents gr\u00e0cies a les nostres artistes, Esther i Carmela. A m\u00e9s, hem continuat aprofundint en el treball de ritme i moviment a l\u2019exterior del Mas Fonollar. Les jacas i la m\u00fasica actual ens ajuden a consolidar la coordinaci\u00f3 i la pres\u00e8ncia col\u00b7lectiva. A poc a poc, \u2026 <\/p>\n<p class=\"link-more\"><a href=\"https:\/\/blocsenresidencia.bcn.cat\/bastida2026\/els-inicis-preparant-la-mostra\/\" class=\"more-link\">Continua llegint <span class=\"screen-reader-text\">\u00abEls inicis: preparant la mostra\u00bb<\/span><\/a><\/p>\n<\/div>\n","protected":false},"excerpt":{"rendered":"<p>Des de Carmela Mu\u00f1oz i Esther Sol\u00e9 Alarc\u00f3n EN RESiD\u00c8NCiA a l\u2019Institut La Bastida (Santa Coloma de Gramenet) Analitzem com cont\u00ednua el proc\u00e9s que estem seguint amb referents gr\u00e0cies a les nostres artistes, Esther i Carmela. A m\u00e9s, hem continuat aprofundint en el treball de ritme i moviment a l\u2019exterior del Mas Fonollar. Les jacas &hellip; <\/p>\n<p class=\"link-more\"><a href=\"\/20252026\/els-inicis-preparant-la-mostra\/\" class=\"more-link\">Continua llegint <span class=\"screen-reader-text\">\u00abEls inicis: preparant la mostra\u00bb<\/span><\/a><\/p>\n","protected":false},"author":4,"featured_media":0,"comment_status":"closed","ping_status":"closed","sticky":false,"template":"","format":"standard","meta":{"footnotes":""},"categories":[1],"tags":[],"class_list":["post-1647","post","type-post","status-publish","format-standard","hentry","category-general"],"_links":{"self":[{"href":"\/20252026\/wp-json\/wp\/v2\/posts\/1647","targetHints":{"allow":["GET"]}}],"collection":[{"href":"\/20252026\/wp-json\/wp\/v2\/posts"}],"about":[{"href":"\/20252026\/wp-json\/wp\/v2\/types\/post"}],"author":[{"embeddable":true,"href":"\/20252026\/wp-json\/wp\/v2\/users\/4"}],"replies":[{"embeddable":true,"href":"\/20252026\/wp-json\/wp\/v2\/comments?post=1647"}],"version-history":[{"count":0,"href":"\/20252026\/wp-json\/wp\/v2\/posts\/1647\/revisions"}],"wp:attachment":[{"href":"\/20252026\/wp-json\/wp\/v2\/media?parent=1647"}],"wp:term":[{"taxonomy":"category","embeddable":true,"href":"\/20252026\/wp-json\/wp\/v2\/categories?post=1647"},{"taxonomy":"post_tag","embeddable":true,"href":"\/20252026\/wp-json\/wp\/v2\/tags?post=1647"}],"curies":[{"name":"wp","href":"https:\/\/api.w.org\/{rel}","templated":true}]}}