{"id":1648,"date":"2026-03-04T12:06:13","date_gmt":"2026-03-04T10:06:13","guid":{"rendered":"\/20252026\/mostra-de-febrer-veu-moviment-i-comunitat\/"},"modified":"2026-03-04T12:06:13","modified_gmt":"2026-03-04T10:06:13","slug":"mostra-de-febrer-veu-moviment-i-comunitat","status":"publish","type":"post","link":"\/20252026\/mostra-de-febrer-veu-moviment-i-comunitat\/","title":{"rendered":"Mostra de febrer: veu, moviment i comunitat"},"content":{"rendered":"<p>Des de <a href=\"https:\/\/blocsenresidencia.bcn.cat\/bastida2026\/mostra-de-febrer-veu-moviment-i-comunitat\/\">Carmela Mu\u00f1oz i Esther Sol\u00e9 Alarc\u00f3n EN RESiD\u00c8NCiA a l\u2019Institut La Bastida  (Santa Coloma de Gramenet)<\/a><\/p>\n<div>El 24 de febrer vam compartir la mostra del proc\u00e9s amb un p\u00fablic delimitat format per professorat del centre, t\u00e8cniques de l\u2019Ajuntament, representants del CRP de Santa Coloma de Gramenet i del Mas Fonollar. L\u2019alumnat, assegut en cercle juntament amb les persones assistents, va iniciar la sessi\u00f3 amb l\u2019enregistrament en directe d\u2019un podcast. A partir \u2026 <\/p>\n<p class=\"link-more\"><a href=\"https:\/\/blocsenresidencia.bcn.cat\/bastida2026\/mostra-de-febrer-veu-moviment-i-comunitat\/\" class=\"more-link\">Continua llegint <span class=\"screen-reader-text\">\u00abMostra de febrer: veu, moviment i comunitat\u00bb<\/span><\/a><\/p>\n<\/div>\n","protected":false},"excerpt":{"rendered":"<p>Des de Carmela Mu\u00f1oz i Esther Sol\u00e9 Alarc\u00f3n EN RESiD\u00c8NCiA a l\u2019Institut La Bastida (Santa Coloma de Gramenet) El 24 de febrer vam compartir la mostra del proc\u00e9s amb un p\u00fablic delimitat format per professorat del centre, t\u00e8cniques de l\u2019Ajuntament, representants del CRP de Santa Coloma de Gramenet i del Mas Fonollar. L\u2019alumnat, assegut en &hellip; <\/p>\n<p class=\"link-more\"><a href=\"\/20252026\/mostra-de-febrer-veu-moviment-i-comunitat\/\" class=\"more-link\">Continua llegint <span class=\"screen-reader-text\">\u00abMostra de febrer: veu, moviment i comunitat\u00bb<\/span><\/a><\/p>\n","protected":false},"author":4,"featured_media":0,"comment_status":"closed","ping_status":"closed","sticky":false,"template":"","format":"standard","meta":{"footnotes":""},"categories":[1],"tags":[],"class_list":["post-1648","post","type-post","status-publish","format-standard","hentry","category-general"],"_links":{"self":[{"href":"\/20252026\/wp-json\/wp\/v2\/posts\/1648","targetHints":{"allow":["GET"]}}],"collection":[{"href":"\/20252026\/wp-json\/wp\/v2\/posts"}],"about":[{"href":"\/20252026\/wp-json\/wp\/v2\/types\/post"}],"author":[{"embeddable":true,"href":"\/20252026\/wp-json\/wp\/v2\/users\/4"}],"replies":[{"embeddable":true,"href":"\/20252026\/wp-json\/wp\/v2\/comments?post=1648"}],"version-history":[{"count":0,"href":"\/20252026\/wp-json\/wp\/v2\/posts\/1648\/revisions"}],"wp:attachment":[{"href":"\/20252026\/wp-json\/wp\/v2\/media?parent=1648"}],"wp:term":[{"taxonomy":"category","embeddable":true,"href":"\/20252026\/wp-json\/wp\/v2\/categories?post=1648"},{"taxonomy":"post_tag","embeddable":true,"href":"\/20252026\/wp-json\/wp\/v2\/tags?post=1648"}],"curies":[{"name":"wp","href":"https:\/\/api.w.org\/{rel}","templated":true}]}}