{"id":1649,"date":"2026-03-06T00:04:37","date_gmt":"2026-03-05T22:04:37","guid":{"rendered":"\/20252026\/sessio-oberta\/"},"modified":"2026-03-06T00:04:37","modified_gmt":"2026-03-05T22:04:37","slug":"sessio-oberta","status":"publish","type":"post","link":"\/20252026\/sessio-oberta\/","title":{"rendered":"SESSI\u00d3 OBERTA"},"content":{"rendered":"<p>Des de <a href=\"https:\/\/blocsenresidencia.bcn.cat\/alzina2026\/sessio-oberta\/\">Elena Carvajal i Rafael Fraz\u00e3o EN RESiD\u00c8NCiA a l\u2019Institut L\u2019Alzina (Barcelona)<\/a><\/p>\n<div>El 18 de febrer v\u00e0rem fer la sessi\u00f3 oberta davant de tot professorat de l\u2019institut!! Est\u00e0vem supernervioses, all\u00f2 que pens\u00e0vem que ten\u00edem preparat va resultar que no va sortir com esper\u00e0vem i la impressi\u00f3 general que tenim \u00e9s que encara ens queda molta feina al davant. Tenim moltes idees, per\u00f2 encara no hem trobat la \u2026 <\/p>\n<p class=\"link-more\"><a href=\"https:\/\/blocsenresidencia.bcn.cat\/alzina2026\/sessio-oberta\/\" class=\"more-link\">Continua llegint <span class=\"screen-reader-text\">\u00abSESSI\u00d3 OBERTA\u00bb<\/span><\/a><\/p>\n<\/div>\n","protected":false},"excerpt":{"rendered":"<p>Des de Elena Carvajal i Rafael Fraz\u00e3o EN RESiD\u00c8NCiA a l\u2019Institut L\u2019Alzina (Barcelona) El 18 de febrer v\u00e0rem fer la sessi\u00f3 oberta davant de tot professorat de l\u2019institut!! Est\u00e0vem supernervioses, all\u00f2 que pens\u00e0vem que ten\u00edem preparat va resultar que no va sortir com esper\u00e0vem i la impressi\u00f3 general que tenim \u00e9s que encara ens queda &hellip; <\/p>\n<p class=\"link-more\"><a href=\"\/20252026\/sessio-oberta\/\" class=\"more-link\">Continua llegint <span class=\"screen-reader-text\">\u00abSESSI\u00d3 OBERTA\u00bb<\/span><\/a><\/p>\n","protected":false},"author":4,"featured_media":0,"comment_status":"closed","ping_status":"closed","sticky":false,"template":"","format":"standard","meta":{"footnotes":""},"categories":[1],"tags":[],"class_list":["post-1649","post","type-post","status-publish","format-standard","hentry","category-general"],"_links":{"self":[{"href":"\/20252026\/wp-json\/wp\/v2\/posts\/1649","targetHints":{"allow":["GET"]}}],"collection":[{"href":"\/20252026\/wp-json\/wp\/v2\/posts"}],"about":[{"href":"\/20252026\/wp-json\/wp\/v2\/types\/post"}],"author":[{"embeddable":true,"href":"\/20252026\/wp-json\/wp\/v2\/users\/4"}],"replies":[{"embeddable":true,"href":"\/20252026\/wp-json\/wp\/v2\/comments?post=1649"}],"version-history":[{"count":0,"href":"\/20252026\/wp-json\/wp\/v2\/posts\/1649\/revisions"}],"wp:attachment":[{"href":"\/20252026\/wp-json\/wp\/v2\/media?parent=1649"}],"wp:term":[{"taxonomy":"category","embeddable":true,"href":"\/20252026\/wp-json\/wp\/v2\/categories?post=1649"},{"taxonomy":"post_tag","embeddable":true,"href":"\/20252026\/wp-json\/wp\/v2\/tags?post=1649"}],"curies":[{"name":"wp","href":"https:\/\/api.w.org\/{rel}","templated":true}]}}