{"id":1650,"date":"2026-03-10T01:37:45","date_gmt":"2026-03-09T23:37:45","guid":{"rendered":"\/20252026\/visitem-la-sala-beckett\/"},"modified":"2026-03-10T01:37:45","modified_gmt":"2026-03-09T23:37:45","slug":"visitem-la-sala-beckett","status":"publish","type":"post","link":"\/20252026\/visitem-la-sala-beckett\/","title":{"rendered":"Visitem la Sala Beckett"},"content":{"rendered":"<p>Des de <a href=\"https:\/\/blocsenresidencia.bcn.cat\/vazquezmontalban2026\/visitem-la-sala-beckett\/\">Aleix Faur\u00f3 i Sierra (La Virgueria) EN RESiD\u00c8NCiA a l\u2019Institut Manuel V\u00e1zquez Montalb\u00e1n (Sant Adri\u00e0 de Bes\u00f2s)<\/a><\/p>\n<div>El 19 de novembre vam tenir la gran sort de visitar la Sala Beckett de la m\u00e0 del nostre mediador Victor.El grup va tenir l\u2019oportunitat de veure aquest espai de creaci\u00f3 considerat un centre de refer\u00e8ncia internacional per a la formaci\u00f3 d\u2019autors teatrals i la promoci\u00f3 de noves dramat\u00fargies.Se\u2019ls va explicar que estava ubicat en \u2026 <\/p>\n<p class=\"link-more\"><a href=\"https:\/\/blocsenresidencia.bcn.cat\/vazquezmontalban2026\/visitem-la-sala-beckett\/\" class=\"more-link\">Continua llegint <span class=\"screen-reader-text\">\u00abVisitem la Sala Beckett\u00bb<\/span><\/a><\/p>\n<\/div>\n","protected":false},"excerpt":{"rendered":"<p>Des de Aleix Faur\u00f3 i Sierra (La Virgueria) EN RESiD\u00c8NCiA a l\u2019Institut Manuel V\u00e1zquez Montalb\u00e1n (Sant Adri\u00e0 de Bes\u00f2s) El 19 de novembre vam tenir la gran sort de visitar la Sala Beckett de la m\u00e0 del nostre mediador Victor.El grup va tenir l\u2019oportunitat de veure aquest espai de creaci\u00f3 considerat un centre de refer\u00e8ncia &hellip; <\/p>\n<p class=\"link-more\"><a href=\"\/20252026\/visitem-la-sala-beckett\/\" class=\"more-link\">Continua llegint <span class=\"screen-reader-text\">\u00abVisitem la Sala Beckett\u00bb<\/span><\/a><\/p>\n","protected":false},"author":4,"featured_media":0,"comment_status":"closed","ping_status":"closed","sticky":false,"template":"","format":"standard","meta":{"footnotes":""},"categories":[1],"tags":[],"class_list":["post-1650","post","type-post","status-publish","format-standard","hentry","category-general"],"_links":{"self":[{"href":"\/20252026\/wp-json\/wp\/v2\/posts\/1650","targetHints":{"allow":["GET"]}}],"collection":[{"href":"\/20252026\/wp-json\/wp\/v2\/posts"}],"about":[{"href":"\/20252026\/wp-json\/wp\/v2\/types\/post"}],"author":[{"embeddable":true,"href":"\/20252026\/wp-json\/wp\/v2\/users\/4"}],"replies":[{"embeddable":true,"href":"\/20252026\/wp-json\/wp\/v2\/comments?post=1650"}],"version-history":[{"count":0,"href":"\/20252026\/wp-json\/wp\/v2\/posts\/1650\/revisions"}],"wp:attachment":[{"href":"\/20252026\/wp-json\/wp\/v2\/media?parent=1650"}],"wp:term":[{"taxonomy":"category","embeddable":true,"href":"\/20252026\/wp-json\/wp\/v2\/categories?post=1650"},{"taxonomy":"post_tag","embeddable":true,"href":"\/20252026\/wp-json\/wp\/v2\/tags?post=1650"}],"curies":[{"name":"wp","href":"https:\/\/api.w.org\/{rel}","templated":true}]}}