{"id":1655,"date":"2026-03-13T13:07:18","date_gmt":"2026-03-13T11:07:18","guid":{"rendered":"\/20252026\/prenem-forma-a-fabra-i-coats\/"},"modified":"2026-03-13T13:07:18","modified_gmt":"2026-03-13T11:07:18","slug":"prenem-forma-a-fabra-i-coats","status":"publish","type":"post","link":"\/20252026\/prenem-forma-a-fabra-i-coats\/","title":{"rendered":"Prenem forma a Fabra i Coats"},"content":{"rendered":"<p>Des de <a href=\"https:\/\/blocsenresidencia.bcn.cat\/bastida2026\/prenem-forma-a-fabra-i-coats\/\">Carmela Mu\u00f1oz i Esther Sol\u00e9 Alarc\u00f3n EN RESiD\u00c8NCiA a l\u2019Institut La Bastida  (Santa Coloma de Gramenet)<\/a><\/p>\n<div>Aquest dimarts hem anat a Fabra i Coats \u2013 F\u00e0brica de Creaci\u00f3 per enregistrar el nostre podcast en un espai habilitat professionalment per fer-ho. L\u2019experi\u00e8ncia ha estat molt especial: micr\u00f2fons, taula de so i t\u00e8cnics assessors que ens han acompanyat durant tot el proc\u00e9s, juntament amb les artistes residents, han convertit la sessi\u00f3 en una \u2026 <\/p>\n<p class=\"link-more\"><a href=\"https:\/\/blocsenresidencia.bcn.cat\/bastida2026\/prenem-forma-a-fabra-i-coats\/\" class=\"more-link\">Continua llegint <span class=\"screen-reader-text\">\u00abPrenem forma a Fabra i Coats\u00bb<\/span><\/a><\/p>\n<\/div>\n","protected":false},"excerpt":{"rendered":"<p>Des de Carmela Mu\u00f1oz i Esther Sol\u00e9 Alarc\u00f3n EN RESiD\u00c8NCiA a l\u2019Institut La Bastida (Santa Coloma de Gramenet) Aquest dimarts hem anat a Fabra i Coats \u2013 F\u00e0brica de Creaci\u00f3 per enregistrar el nostre podcast en un espai habilitat professionalment per fer-ho. L\u2019experi\u00e8ncia ha estat molt especial: micr\u00f2fons, taula de so i t\u00e8cnics assessors que &hellip; <\/p>\n<p class=\"link-more\"><a href=\"\/20252026\/prenem-forma-a-fabra-i-coats\/\" class=\"more-link\">Continua llegint <span class=\"screen-reader-text\">\u00abPrenem forma a Fabra i Coats\u00bb<\/span><\/a><\/p>\n","protected":false},"author":4,"featured_media":0,"comment_status":"closed","ping_status":"closed","sticky":false,"template":"","format":"standard","meta":{"footnotes":""},"categories":[1],"tags":[],"class_list":["post-1655","post","type-post","status-publish","format-standard","hentry","category-general"],"_links":{"self":[{"href":"\/20252026\/wp-json\/wp\/v2\/posts\/1655","targetHints":{"allow":["GET"]}}],"collection":[{"href":"\/20252026\/wp-json\/wp\/v2\/posts"}],"about":[{"href":"\/20252026\/wp-json\/wp\/v2\/types\/post"}],"author":[{"embeddable":true,"href":"\/20252026\/wp-json\/wp\/v2\/users\/4"}],"replies":[{"embeddable":true,"href":"\/20252026\/wp-json\/wp\/v2\/comments?post=1655"}],"version-history":[{"count":0,"href":"\/20252026\/wp-json\/wp\/v2\/posts\/1655\/revisions"}],"wp:attachment":[{"href":"\/20252026\/wp-json\/wp\/v2\/media?parent=1655"}],"wp:term":[{"taxonomy":"category","embeddable":true,"href":"\/20252026\/wp-json\/wp\/v2\/categories?post=1655"},{"taxonomy":"post_tag","embeddable":true,"href":"\/20252026\/wp-json\/wp\/v2\/tags?post=1655"}],"curies":[{"name":"wp","href":"https:\/\/api.w.org\/{rel}","templated":true}]}}