{"id":1656,"date":"2026-03-17T00:33:39","date_gmt":"2026-03-16T22:33:39","guid":{"rendered":"\/20252026\/meeting-point-arcomadrid-2026\/"},"modified":"2026-03-17T00:33:39","modified_gmt":"2026-03-16T22:33:39","slug":"meeting-point-arcomadrid-2026","status":"publish","type":"post","link":"\/20252026\/meeting-point-arcomadrid-2026\/","title":{"rendered":"MEETING POINT : ARCOmadrid 2026"},"content":{"rendered":"<p>Des de <a href=\"https:\/\/blocsenresidencia.bcn.cat\/pompeufabra2026\/meeting-point-arcomadrid-2026\/\">V\u00edctor Jaenada EN RESiD\u00c8NCiA a l&#8217;Institut Pompeu Fabra (Badalona)<\/a><\/p>\n<div>Del 4 al 8 de mar\u00e7 s\u2019ha celebrat la 45\u00aa edici\u00f3 de la Feria Internacional de Arte Contempor\u00e1neo (ARCO) a Madrid. Com no podia ser d\u2019una altra manera, en V\u00edctor ens comunica que la pr\u00f2xima sessi\u00f3 no hi ser\u00e0 perqu\u00e8 aquest any estar\u00e0 present a la fira a la secci\u00f3 Opening. Nuevas Galer\u00edas, un espai \u2026 <\/p>\n<p class=\"link-more\"><a href=\"https:\/\/blocsenresidencia.bcn.cat\/pompeufabra2026\/meeting-point-arcomadrid-2026\/\" class=\"more-link\">Continua llegint <span class=\"screen-reader-text\">\u00abMEETING POINT : ARCOmadrid 2026\u00bb<\/span><\/a><\/p>\n<\/div>\n","protected":false},"excerpt":{"rendered":"<p>Des de V\u00edctor Jaenada EN RESiD\u00c8NCiA a l&#8217;Institut Pompeu Fabra (Badalona) Del 4 al 8 de mar\u00e7 s\u2019ha celebrat la 45\u00aa edici\u00f3 de la Feria Internacional de Arte Contempor\u00e1neo (ARCO) a Madrid. Com no podia ser d\u2019una altra manera, en V\u00edctor ens comunica que la pr\u00f2xima sessi\u00f3 no hi ser\u00e0 perqu\u00e8 aquest any estar\u00e0 present &hellip; <\/p>\n<p class=\"link-more\"><a href=\"\/20252026\/meeting-point-arcomadrid-2026\/\" class=\"more-link\">Continua llegint <span class=\"screen-reader-text\">\u00abMEETING POINT : ARCOmadrid 2026\u00bb<\/span><\/a><\/p>\n","protected":false},"author":4,"featured_media":0,"comment_status":"closed","ping_status":"closed","sticky":false,"template":"","format":"standard","meta":{"footnotes":""},"categories":[1],"tags":[],"class_list":["post-1656","post","type-post","status-publish","format-standard","hentry","category-general"],"_links":{"self":[{"href":"\/20252026\/wp-json\/wp\/v2\/posts\/1656","targetHints":{"allow":["GET"]}}],"collection":[{"href":"\/20252026\/wp-json\/wp\/v2\/posts"}],"about":[{"href":"\/20252026\/wp-json\/wp\/v2\/types\/post"}],"author":[{"embeddable":true,"href":"\/20252026\/wp-json\/wp\/v2\/users\/4"}],"replies":[{"embeddable":true,"href":"\/20252026\/wp-json\/wp\/v2\/comments?post=1656"}],"version-history":[{"count":0,"href":"\/20252026\/wp-json\/wp\/v2\/posts\/1656\/revisions"}],"wp:attachment":[{"href":"\/20252026\/wp-json\/wp\/v2\/media?parent=1656"}],"wp:term":[{"taxonomy":"category","embeddable":true,"href":"\/20252026\/wp-json\/wp\/v2\/categories?post=1656"},{"taxonomy":"post_tag","embeddable":true,"href":"\/20252026\/wp-json\/wp\/v2\/tags?post=1656"}],"curies":[{"name":"wp","href":"https:\/\/api.w.org\/{rel}","templated":true}]}}