{"id":1658,"date":"2026-03-18T00:18:07","date_gmt":"2026-03-17T22:18:07","guid":{"rendered":"\/20252026\/lobra-abans-de-lobra-avui-anem-al-teatre\/"},"modified":"2026-03-18T00:18:07","modified_gmt":"2026-03-17T22:18:07","slug":"lobra-abans-de-lobra-avui-anem-al-teatre","status":"publish","type":"post","link":"\/20252026\/lobra-abans-de-lobra-avui-anem-al-teatre\/","title":{"rendered":"L\u2019OBRA ABANS DE L\u2019OBRA: AVUI ANEM AL TEATRE"},"content":{"rendered":"<p>Des de <a href=\"https:\/\/blocsenresidencia.bcn.cat\/pompeufabra2026\/lobra-abans-de-lobra-avui-anem-al-teatre\/\">V\u00edctor Jaenada EN RESiD\u00c8NCiA a l&#8217;Institut Pompeu Fabra (Badalona)<\/a><\/p>\n<div>Avui hem tingut una sessi\u00f3 molt especial, amb el V\u00edctor hem anat al teatre C\u00edrcol Cat\u00f2lic de Badalona a veure l\u2019obra de La casa de Bernarda Alba de Federico Garc\u00eda Lorca.<\/div>\n","protected":false},"excerpt":{"rendered":"<p>Des de V\u00edctor Jaenada EN RESiD\u00c8NCiA a l&#8217;Institut Pompeu Fabra (Badalona) Avui hem tingut una sessi\u00f3 molt especial, amb el V\u00edctor hem anat al teatre C\u00edrcol Cat\u00f2lic de Badalona a veure l\u2019obra de La casa de Bernarda Alba de Federico Garc\u00eda Lorca.<\/p>\n","protected":false},"author":4,"featured_media":0,"comment_status":"closed","ping_status":"closed","sticky":false,"template":"","format":"standard","meta":{"footnotes":""},"categories":[1],"tags":[],"class_list":["post-1658","post","type-post","status-publish","format-standard","hentry","category-general"],"_links":{"self":[{"href":"\/20252026\/wp-json\/wp\/v2\/posts\/1658","targetHints":{"allow":["GET"]}}],"collection":[{"href":"\/20252026\/wp-json\/wp\/v2\/posts"}],"about":[{"href":"\/20252026\/wp-json\/wp\/v2\/types\/post"}],"author":[{"embeddable":true,"href":"\/20252026\/wp-json\/wp\/v2\/users\/4"}],"replies":[{"embeddable":true,"href":"\/20252026\/wp-json\/wp\/v2\/comments?post=1658"}],"version-history":[{"count":0,"href":"\/20252026\/wp-json\/wp\/v2\/posts\/1658\/revisions"}],"wp:attachment":[{"href":"\/20252026\/wp-json\/wp\/v2\/media?parent=1658"}],"wp:term":[{"taxonomy":"category","embeddable":true,"href":"\/20252026\/wp-json\/wp\/v2\/categories?post=1658"},{"taxonomy":"post_tag","embeddable":true,"href":"\/20252026\/wp-json\/wp\/v2\/tags?post=1658"}],"curies":[{"name":"wp","href":"https:\/\/api.w.org\/{rel}","templated":true}]}}