{"id":1659,"date":"2026-03-19T00:12:01","date_gmt":"2026-03-18T22:12:01","guid":{"rendered":"\/20252026\/entre-llums-ombres-i-debats-proces-de-creacio-sobre-les-fake-news\/"},"modified":"2026-03-19T00:12:01","modified_gmt":"2026-03-18T22:12:01","slug":"entre-llums-ombres-i-debats-proces-de-creacio-sobre-les-fake-news","status":"publish","type":"post","link":"\/20252026\/entre-llums-ombres-i-debats-proces-de-creacio-sobre-les-fake-news\/","title":{"rendered":"Entre llums, ombres i debats: proc\u00e9s de creaci\u00f3 sobre les fake news"},"content":{"rendered":"<p>Des de <a href=\"https:\/\/blocsenresidencia.bcn.cat\/sants2026\/entre-llums-ombres-i-debats-proces-de-creacio-sobre-les-fake-news\/\">Carolina Torres Topaga EN RESiD\u00c8NCiA a l\u2019Institut Sants (Barcelona)<\/a><\/p>\n<div>L\u2019\u00faltima sessi\u00f3 de treball es va viure com una jornada marcada per l\u2019honestedat i la descoberta m\u00fatua. El grup va comen\u00e7ar amb un espai de reflexi\u00f3 profunda sobre la mostra anterior, on els alumnes van compartir amb sinceritat com es van sentir en estar exposats i sota la mirada dels altres. Tot i que alguns \u2026 <\/p>\n<p class=\"link-more\"><a href=\"https:\/\/blocsenresidencia.bcn.cat\/sants2026\/entre-llums-ombres-i-debats-proces-de-creacio-sobre-les-fake-news\/\" class=\"more-link\">Continua llegint <span class=\"screen-reader-text\">\u00abEntre llums, ombres i debats: proc\u00e9s de creaci\u00f3 sobre les fake news\u00bb<\/span><\/a><\/p>\n<\/div>\n","protected":false},"excerpt":{"rendered":"<p>Des de Carolina Torres Topaga EN RESiD\u00c8NCiA a l\u2019Institut Sants (Barcelona) L\u2019\u00faltima sessi\u00f3 de treball es va viure com una jornada marcada per l\u2019honestedat i la descoberta m\u00fatua. El grup va comen\u00e7ar amb un espai de reflexi\u00f3 profunda sobre la mostra anterior, on els alumnes van compartir amb sinceritat com es van sentir en estar &hellip; <\/p>\n<p class=\"link-more\"><a href=\"\/20252026\/entre-llums-ombres-i-debats-proces-de-creacio-sobre-les-fake-news\/\" class=\"more-link\">Continua llegint <span class=\"screen-reader-text\">\u00abEntre llums, ombres i debats: proc\u00e9s de creaci\u00f3 sobre les fake news\u00bb<\/span><\/a><\/p>\n","protected":false},"author":4,"featured_media":0,"comment_status":"closed","ping_status":"closed","sticky":false,"template":"","format":"standard","meta":{"footnotes":""},"categories":[1],"tags":[],"class_list":["post-1659","post","type-post","status-publish","format-standard","hentry","category-general"],"_links":{"self":[{"href":"\/20252026\/wp-json\/wp\/v2\/posts\/1659","targetHints":{"allow":["GET"]}}],"collection":[{"href":"\/20252026\/wp-json\/wp\/v2\/posts"}],"about":[{"href":"\/20252026\/wp-json\/wp\/v2\/types\/post"}],"author":[{"embeddable":true,"href":"\/20252026\/wp-json\/wp\/v2\/users\/4"}],"replies":[{"embeddable":true,"href":"\/20252026\/wp-json\/wp\/v2\/comments?post=1659"}],"version-history":[{"count":0,"href":"\/20252026\/wp-json\/wp\/v2\/posts\/1659\/revisions"}],"wp:attachment":[{"href":"\/20252026\/wp-json\/wp\/v2\/media?parent=1659"}],"wp:term":[{"taxonomy":"category","embeddable":true,"href":"\/20252026\/wp-json\/wp\/v2\/categories?post=1659"},{"taxonomy":"post_tag","embeddable":true,"href":"\/20252026\/wp-json\/wp\/v2\/tags?post=1659"}],"curies":[{"name":"wp","href":"https:\/\/api.w.org\/{rel}","templated":true}]}}