{"id":1663,"date":"2026-03-26T00:20:55","date_gmt":"2026-03-25T22:20:55","guid":{"rendered":"\/20252026\/escenes-sobre-les-xarxes-socials-croniques-del-mes-de-mars\/"},"modified":"2026-03-26T00:20:55","modified_gmt":"2026-03-25T22:20:55","slug":"escenes-sobre-les-xarxes-socials-croniques-del-mes-de-mars","status":"publish","type":"post","link":"\/20252026\/escenes-sobre-les-xarxes-socials-croniques-del-mes-de-mars\/","title":{"rendered":"Escenes sobre les xarxes socials: cr\u00f2niques del mes de mars"},"content":{"rendered":"<p>Des de <a href=\"https:\/\/blocsenresidencia.bcn.cat\/sants2026\/escenes-sobre-les-xarxes-socials-croniques-del-mes-de-mars\/\">Carolina Torres Topaga EN RESiD\u00c8NCiA a l\u2019Institut Sants (Barcelona)<\/a><\/p>\n<div>Aquestes darreres setmanes, els alumnes de 4t d\u2019ESO de l\u2019Institut Sants han estat immersos en un proc\u00e9s de creaci\u00f3 que ens ha portat des de l\u2019expressi\u00f3 lliure fins a la reflexi\u00f3 cr\u00edtica sobre el nostre entorn digital. A trav\u00e9s del teatre i la performance, estem explorant com les tecnologies modifiquen la nostra manera de relacionar-nos. \u2026 <\/p>\n<p class=\"link-more\"><a href=\"https:\/\/blocsenresidencia.bcn.cat\/sants2026\/escenes-sobre-les-xarxes-socials-croniques-del-mes-de-mars\/\" class=\"more-link\">Continua llegint <span class=\"screen-reader-text\">\u00abEscenes sobre les xarxes socials: cr\u00f2niques del mes de mars\u00bb<\/span><\/a><\/p>\n<\/div>\n","protected":false},"excerpt":{"rendered":"<p>Des de Carolina Torres Topaga EN RESiD\u00c8NCiA a l\u2019Institut Sants (Barcelona) Aquestes darreres setmanes, els alumnes de 4t d\u2019ESO de l\u2019Institut Sants han estat immersos en un proc\u00e9s de creaci\u00f3 que ens ha portat des de l\u2019expressi\u00f3 lliure fins a la reflexi\u00f3 cr\u00edtica sobre el nostre entorn digital. A trav\u00e9s del teatre i la performance, &hellip; <\/p>\n<p class=\"link-more\"><a href=\"\/20252026\/escenes-sobre-les-xarxes-socials-croniques-del-mes-de-mars\/\" class=\"more-link\">Continua llegint <span class=\"screen-reader-text\">\u00abEscenes sobre les xarxes socials: cr\u00f2niques del mes de mars\u00bb<\/span><\/a><\/p>\n","protected":false},"author":4,"featured_media":0,"comment_status":"closed","ping_status":"closed","sticky":false,"template":"","format":"standard","meta":{"footnotes":""},"categories":[1],"tags":[],"class_list":["post-1663","post","type-post","status-publish","format-standard","hentry","category-general"],"_links":{"self":[{"href":"\/20252026\/wp-json\/wp\/v2\/posts\/1663","targetHints":{"allow":["GET"]}}],"collection":[{"href":"\/20252026\/wp-json\/wp\/v2\/posts"}],"about":[{"href":"\/20252026\/wp-json\/wp\/v2\/types\/post"}],"author":[{"embeddable":true,"href":"\/20252026\/wp-json\/wp\/v2\/users\/4"}],"replies":[{"embeddable":true,"href":"\/20252026\/wp-json\/wp\/v2\/comments?post=1663"}],"version-history":[{"count":0,"href":"\/20252026\/wp-json\/wp\/v2\/posts\/1663\/revisions"}],"wp:attachment":[{"href":"\/20252026\/wp-json\/wp\/v2\/media?parent=1663"}],"wp:term":[{"taxonomy":"category","embeddable":true,"href":"\/20252026\/wp-json\/wp\/v2\/categories?post=1663"},{"taxonomy":"post_tag","embeddable":true,"href":"\/20252026\/wp-json\/wp\/v2\/tags?post=1663"}],"curies":[{"name":"wp","href":"https:\/\/api.w.org\/{rel}","templated":true}]}}