{"id":1680,"date":"2026-04-14T00:00:02","date_gmt":"2026-04-13T22:00:02","guid":{"rendered":"\/20252026\/assaig-obert-a-la-caldera\/"},"modified":"2026-04-14T00:00:02","modified_gmt":"2026-04-13T22:00:02","slug":"assaig-obert-a-la-caldera","status":"publish","type":"post","link":"\/20252026\/assaig-obert-a-la-caldera\/","title":{"rendered":"ASSAIG OBERT A LA CALDERA"},"content":{"rendered":"<p>Des de <a href=\"https:\/\/blocsenresidencia.bcn.cat\/alzina2026\/assaig-obert-a-la-caldera\/\">Elena Carvajal i Rafael Fraz\u00e3o EN RESiD\u00c8NCiA a l\u2019Institut L\u2019Alzina (Barcelona)<\/a><\/p>\n<div>El passat dijous 19 de mar\u00e7 vam visitar La Caldera, un antic cinema reconvertit en centre de creaci\u00f3 art\u00edstica. En arribar, ens vam ajuntar amb alumnes d\u2019altres instituts i ens van demanar que ens descalc\u00e9ssim per entrar a la sala. L\u2019espai era fosc i peculiar: el terra estava ple d\u2019objectes i tres actors ens observaven \u2026 <\/p>\n<p class=\"link-more\"><a href=\"https:\/\/blocsenresidencia.bcn.cat\/alzina2026\/assaig-obert-a-la-caldera\/\" class=\"more-link\">Continua llegint <span class=\"screen-reader-text\">\u00abASSAIG OBERT A LA CALDERA\u00bb<\/span><\/a><\/p>\n<\/div>\n","protected":false},"excerpt":{"rendered":"<p>Des de Elena Carvajal i Rafael Fraz\u00e3o EN RESiD\u00c8NCiA a l\u2019Institut L\u2019Alzina (Barcelona) El passat dijous 19 de mar\u00e7 vam visitar La Caldera, un antic cinema reconvertit en centre de creaci\u00f3 art\u00edstica. En arribar, ens vam ajuntar amb alumnes d\u2019altres instituts i ens van demanar que ens descalc\u00e9ssim per entrar a la sala. L\u2019espai era &hellip; <\/p>\n<p class=\"link-more\"><a href=\"\/20252026\/assaig-obert-a-la-caldera\/\" class=\"more-link\">Continua llegint <span class=\"screen-reader-text\">\u00abASSAIG OBERT A LA CALDERA\u00bb<\/span><\/a><\/p>\n","protected":false},"author":4,"featured_media":0,"comment_status":"closed","ping_status":"closed","sticky":false,"template":"","format":"standard","meta":{"footnotes":""},"categories":[1],"tags":[],"class_list":["post-1680","post","type-post","status-publish","format-standard","hentry","category-general"],"_links":{"self":[{"href":"\/20252026\/wp-json\/wp\/v2\/posts\/1680","targetHints":{"allow":["GET"]}}],"collection":[{"href":"\/20252026\/wp-json\/wp\/v2\/posts"}],"about":[{"href":"\/20252026\/wp-json\/wp\/v2\/types\/post"}],"author":[{"embeddable":true,"href":"\/20252026\/wp-json\/wp\/v2\/users\/4"}],"replies":[{"embeddable":true,"href":"\/20252026\/wp-json\/wp\/v2\/comments?post=1680"}],"version-history":[{"count":0,"href":"\/20252026\/wp-json\/wp\/v2\/posts\/1680\/revisions"}],"wp:attachment":[{"href":"\/20252026\/wp-json\/wp\/v2\/media?parent=1680"}],"wp:term":[{"taxonomy":"category","embeddable":true,"href":"\/20252026\/wp-json\/wp\/v2\/categories?post=1680"},{"taxonomy":"post_tag","embeddable":true,"href":"\/20252026\/wp-json\/wp\/v2\/tags?post=1680"}],"curies":[{"name":"wp","href":"https:\/\/api.w.org\/{rel}","templated":true}]}}