{"id":1689,"date":"2026-04-19T00:03:13","date_gmt":"2026-04-18T22:03:13","guid":{"rendered":"\/20252026\/ultims-retocs-al-vestuari\/"},"modified":"2026-04-19T00:03:13","modified_gmt":"2026-04-18T22:03:13","slug":"ultims-retocs-al-vestuari","status":"publish","type":"post","link":"\/20252026\/ultims-retocs-al-vestuari\/","title":{"rendered":"\u00daLTIMS RETOCS AL VESTUARI"},"content":{"rendered":"<p>Des de <a href=\"https:\/\/blocsenresidencia.bcn.cat\/pompeufabra2026\/ultims-retocs-al-vestuari\/\">V\u00edctor Jaenada EN RESiD\u00c8NCiA a l&#8217;Institut Pompeu Fabra (Badalona)<\/a><\/p>\n<div>Compte enrere. Aix\u00f2 ja t\u00e9 cap i peus, cara i ulls, bast\u00f3 i cadenes, ulleres de sol i pels penjant,\u2026 Com deia el nostre Lorca: \u201cno s\u00e9 qu\u00e8 passar\u00e0 aqu\u00ed\u201d.<\/div>\n","protected":false},"excerpt":{"rendered":"<p>Des de V\u00edctor Jaenada EN RESiD\u00c8NCiA a l&#8217;Institut Pompeu Fabra (Badalona) Compte enrere. Aix\u00f2 ja t\u00e9 cap i peus, cara i ulls, bast\u00f3 i cadenes, ulleres de sol i pels penjant,\u2026 Com deia el nostre Lorca: \u201cno s\u00e9 qu\u00e8 passar\u00e0 aqu\u00ed\u201d.<\/p>\n","protected":false},"author":4,"featured_media":0,"comment_status":"closed","ping_status":"closed","sticky":false,"template":"","format":"standard","meta":{"footnotes":""},"categories":[1],"tags":[],"class_list":["post-1689","post","type-post","status-publish","format-standard","hentry","category-general"],"_links":{"self":[{"href":"\/20252026\/wp-json\/wp\/v2\/posts\/1689","targetHints":{"allow":["GET"]}}],"collection":[{"href":"\/20252026\/wp-json\/wp\/v2\/posts"}],"about":[{"href":"\/20252026\/wp-json\/wp\/v2\/types\/post"}],"author":[{"embeddable":true,"href":"\/20252026\/wp-json\/wp\/v2\/users\/4"}],"replies":[{"embeddable":true,"href":"\/20252026\/wp-json\/wp\/v2\/comments?post=1689"}],"version-history":[{"count":0,"href":"\/20252026\/wp-json\/wp\/v2\/posts\/1689\/revisions"}],"wp:attachment":[{"href":"\/20252026\/wp-json\/wp\/v2\/media?parent=1689"}],"wp:term":[{"taxonomy":"category","embeddable":true,"href":"\/20252026\/wp-json\/wp\/v2\/categories?post=1689"},{"taxonomy":"post_tag","embeddable":true,"href":"\/20252026\/wp-json\/wp\/v2\/tags?post=1689"}],"curies":[{"name":"wp","href":"https:\/\/api.w.org\/{rel}","templated":true}]}}