{"id":1691,"date":"2026-04-23T12:01:05","date_gmt":"2026-04-23T10:01:05","guid":{"rendered":"\/20252026\/camera-i-accio\/"},"modified":"2026-04-23T12:01:05","modified_gmt":"2026-04-23T10:01:05","slug":"camera-i-accio","status":"publish","type":"post","link":"\/20252026\/camera-i-accio\/","title":{"rendered":"C\u00c0MERA I ACCI\u00d3!"},"content":{"rendered":"<p>Des de <a href=\"https:\/\/blocsenresidencia.bcn.cat\/pompeufabra2026\/camera-i-accio\/\">V\u00edctor Jaenada EN RESiD\u00c8NCiA a l&#8217;Institut Pompeu Fabra (Badalona)<\/a><\/p>\n<div>Preparatius, vestuari, escaleta i nervis, molts nervis. Una sessi\u00f3 on la planificaci\u00f3 ho \u00e9s quasi b\u00e9 tot. Per sort ens ha acompanyat la Isabel Bassas que n\u2019\u00e9s una experta del tema. Hem anat comprovant al llarg de tot el projecte que el V\u00edctor ha volgut \u201credibuixar\u201d aquesta magn\u00edfica obra de Lorca, on el dol vestit \u2026 <\/p>\n<p class=\"link-more\"><a href=\"https:\/\/blocsenresidencia.bcn.cat\/pompeufabra2026\/camera-i-accio\/\" class=\"more-link\">Continua llegint <span class=\"screen-reader-text\">\u00abC\u00c0MERA I ACCI\u00d3!\u00bb<\/span><\/a><\/p>\n<\/div>\n","protected":false},"excerpt":{"rendered":"<p>Des de V\u00edctor Jaenada EN RESiD\u00c8NCiA a l&#8217;Institut Pompeu Fabra (Badalona) Preparatius, vestuari, escaleta i nervis, molts nervis. Una sessi\u00f3 on la planificaci\u00f3 ho \u00e9s quasi b\u00e9 tot. Per sort ens ha acompanyat la Isabel Bassas que n\u2019\u00e9s una experta del tema. Hem anat comprovant al llarg de tot el projecte que el V\u00edctor ha &hellip; <\/p>\n<p class=\"link-more\"><a href=\"\/20252026\/camera-i-accio\/\" class=\"more-link\">Continua llegint <span class=\"screen-reader-text\">\u00abC\u00c0MERA I ACCI\u00d3!\u00bb<\/span><\/a><\/p>\n","protected":false},"author":4,"featured_media":0,"comment_status":"closed","ping_status":"closed","sticky":false,"template":"","format":"standard","meta":{"footnotes":""},"categories":[1],"tags":[],"class_list":["post-1691","post","type-post","status-publish","format-standard","hentry","category-general"],"_links":{"self":[{"href":"\/20252026\/wp-json\/wp\/v2\/posts\/1691","targetHints":{"allow":["GET"]}}],"collection":[{"href":"\/20252026\/wp-json\/wp\/v2\/posts"}],"about":[{"href":"\/20252026\/wp-json\/wp\/v2\/types\/post"}],"author":[{"embeddable":true,"href":"\/20252026\/wp-json\/wp\/v2\/users\/4"}],"replies":[{"embeddable":true,"href":"\/20252026\/wp-json\/wp\/v2\/comments?post=1691"}],"version-history":[{"count":0,"href":"\/20252026\/wp-json\/wp\/v2\/posts\/1691\/revisions"}],"wp:attachment":[{"href":"\/20252026\/wp-json\/wp\/v2\/media?parent=1691"}],"wp:term":[{"taxonomy":"category","embeddable":true,"href":"\/20252026\/wp-json\/wp\/v2\/categories?post=1691"},{"taxonomy":"post_tag","embeddable":true,"href":"\/20252026\/wp-json\/wp\/v2\/tags?post=1691"}],"curies":[{"name":"wp","href":"https:\/\/api.w.org\/{rel}","templated":true}]}}