{"id":1696,"date":"2026-04-28T12:38:59","date_gmt":"2026-04-28T10:38:59","guid":{"rendered":"\/20252026\/mes-enlla-de-les-pantalles-mostra-de-carolina-torres-topaga-de-linstitut-sants-a-la-lleialtat-santsenca-18-h-19-maig\/"},"modified":"2026-04-28T12:38:59","modified_gmt":"2026-04-28T10:38:59","slug":"mes-enlla-de-les-pantalles-mostra-de-carolina-torres-topaga-de-linstitut-sants-a-la-lleialtat-santsenca-18-h-19-maig","status":"publish","type":"post","link":"\/20252026\/mes-enlla-de-les-pantalles-mostra-de-carolina-torres-topaga-de-linstitut-sants-a-la-lleialtat-santsenca-18-h-19-maig\/","title":{"rendered":"M\u00e9s enll\u00e0 de les pantalles: Mostra de Carolina Torres Topaga de l\u2019Institut Sants a la Lleialtat Santsenca (18 h, 19 maig)"},"content":{"rendered":"<p>Des de <a href=\"https:\/\/blocsenresidencia.bcn.cat\/sants2026\/mes-enlla-de-les-pantalles-mostra-de-carolina-torres-topaga-de-linstitut-sants-a-la-lleialtat-santsenca-19-maig-18-h\/\">Carolina Torres Topaga EN RESiD\u00c8NCiA a l\u2019Institut Sants (Barcelona)<\/a><\/p>\n<div>Ens fa molta il\u00b7lusi\u00f3 convidar-vos a la presentaci\u00f3 p\u00fablica de \u201cM\u00e9s enll\u00e0 de les pantalles\u201d, el resultat de la resid\u00e8ncia art\u00edstica de Carolina Torres Toapanta amb l\u2019alumnat de 2n d\u2019ESO de l\u2019Institut Sants, en el marc de la 17a edici\u00f3 d\u2019EN RESiD\u00c8NCiA. Aquest projecte, que ha comptat amb la mediaci\u00f3 de Transductores, culmina ara en \u2026 <\/p>\n<p class=\"link-more\"><a href=\"https:\/\/blocsenresidencia.bcn.cat\/sants2026\/mes-enlla-de-les-pantalles-mostra-de-carolina-torres-topaga-de-linstitut-sants-a-la-lleialtat-santsenca-19-maig-18-h\/\" class=\"more-link\">Continua llegint <span class=\"screen-reader-text\">\u00abM\u00e9s enll\u00e0 de les pantalles: Mostra de Carolina Torres Topaga de l\u2019Institut Sants a la Lleialtat Santsenca (18 h, 19 maig)\u00bb<\/span><\/a><\/p>\n<\/div>\n","protected":false},"excerpt":{"rendered":"<p>Des de Carolina Torres Topaga EN RESiD\u00c8NCiA a l\u2019Institut Sants (Barcelona) Ens fa molta il\u00b7lusi\u00f3 convidar-vos a la presentaci\u00f3 p\u00fablica de \u201cM\u00e9s enll\u00e0 de les pantalles\u201d, el resultat de la resid\u00e8ncia art\u00edstica de Carolina Torres Toapanta amb l\u2019alumnat de 2n d\u2019ESO de l\u2019Institut Sants, en el marc de la 17a edici\u00f3 d\u2019EN RESiD\u00c8NCiA. Aquest projecte, &hellip; <\/p>\n<p class=\"link-more\"><a href=\"\/20252026\/mes-enlla-de-les-pantalles-mostra-de-carolina-torres-topaga-de-linstitut-sants-a-la-lleialtat-santsenca-18-h-19-maig\/\" class=\"more-link\">Continua llegint <span class=\"screen-reader-text\">\u00abM\u00e9s enll\u00e0 de les pantalles: Mostra de Carolina Torres Topaga de l\u2019Institut Sants a la Lleialtat Santsenca (18 h, 19 maig)\u00bb<\/span><\/a><\/p>\n","protected":false},"author":4,"featured_media":0,"comment_status":"closed","ping_status":"closed","sticky":false,"template":"","format":"standard","meta":{"footnotes":""},"categories":[1],"tags":[],"class_list":["post-1696","post","type-post","status-publish","format-standard","hentry","category-general"],"_links":{"self":[{"href":"\/20252026\/wp-json\/wp\/v2\/posts\/1696","targetHints":{"allow":["GET"]}}],"collection":[{"href":"\/20252026\/wp-json\/wp\/v2\/posts"}],"about":[{"href":"\/20252026\/wp-json\/wp\/v2\/types\/post"}],"author":[{"embeddable":true,"href":"\/20252026\/wp-json\/wp\/v2\/users\/4"}],"replies":[{"embeddable":true,"href":"\/20252026\/wp-json\/wp\/v2\/comments?post=1696"}],"version-history":[{"count":0,"href":"\/20252026\/wp-json\/wp\/v2\/posts\/1696\/revisions"}],"wp:attachment":[{"href":"\/20252026\/wp-json\/wp\/v2\/media?parent=1696"}],"wp:term":[{"taxonomy":"category","embeddable":true,"href":"\/20252026\/wp-json\/wp\/v2\/categories?post=1696"},{"taxonomy":"post_tag","embeddable":true,"href":"\/20252026\/wp-json\/wp\/v2\/tags?post=1696"}],"curies":[{"name":"wp","href":"https:\/\/api.w.org\/{rel}","templated":true}]}}