{"id":1699,"date":"2026-04-29T01:56:15","date_gmt":"2026-04-28T23:56:15","guid":{"rendered":"\/20252026\/afinant-la-mostra-final\/"},"modified":"2026-04-29T01:56:15","modified_gmt":"2026-04-28T23:56:15","slug":"afinant-la-mostra-final","status":"publish","type":"post","link":"\/20252026\/afinant-la-mostra-final\/","title":{"rendered":"Afinant la mostra final"},"content":{"rendered":"<p>Des de <a href=\"https:\/\/blocsenresidencia.bcn.cat\/bastida2026\/afinant-la-mostra-final\/\">Carmela Mu\u00f1oz i Esther Sol\u00e9 Alarc\u00f3n EN RESiD\u00c8NCiA a l\u2019Institut La Bastida  (Santa Coloma de Gramenet)<\/a><\/p>\n<div>Avui hem tornat al Mas Fonollar amb l\u2019alumnat, la Bea de La Poderosa i la Carmela per continuar treballant en els detalls de la mostra final. La sessi\u00f3 s\u2019ha centrat en el disseny de l\u2019equipaci\u00f3 conjunta, pensada de manera personalitzada, i en la definici\u00f3 d\u2019un nou podcast que formar\u00e0 part de la proposta. A poc \u2026 <\/p>\n<p class=\"link-more\"><a href=\"https:\/\/blocsenresidencia.bcn.cat\/bastida2026\/afinant-la-mostra-final\/\" class=\"more-link\">Continua llegint <span class=\"screen-reader-text\">\u00abAfinant la mostra final\u00bb<\/span><\/a><\/p>\n<\/div>\n","protected":false},"excerpt":{"rendered":"<p>Des de Carmela Mu\u00f1oz i Esther Sol\u00e9 Alarc\u00f3n EN RESiD\u00c8NCiA a l\u2019Institut La Bastida (Santa Coloma de Gramenet) Avui hem tornat al Mas Fonollar amb l\u2019alumnat, la Bea de La Poderosa i la Carmela per continuar treballant en els detalls de la mostra final. La sessi\u00f3 s\u2019ha centrat en el disseny de l\u2019equipaci\u00f3 conjunta, pensada &hellip; <\/p>\n<p class=\"link-more\"><a href=\"\/20252026\/afinant-la-mostra-final\/\" class=\"more-link\">Continua llegint <span class=\"screen-reader-text\">\u00abAfinant la mostra final\u00bb<\/span><\/a><\/p>\n","protected":false},"author":4,"featured_media":0,"comment_status":"closed","ping_status":"closed","sticky":false,"template":"","format":"standard","meta":{"footnotes":""},"categories":[1],"tags":[],"class_list":["post-1699","post","type-post","status-publish","format-standard","hentry","category-general"],"_links":{"self":[{"href":"\/20252026\/wp-json\/wp\/v2\/posts\/1699","targetHints":{"allow":["GET"]}}],"collection":[{"href":"\/20252026\/wp-json\/wp\/v2\/posts"}],"about":[{"href":"\/20252026\/wp-json\/wp\/v2\/types\/post"}],"author":[{"embeddable":true,"href":"\/20252026\/wp-json\/wp\/v2\/users\/4"}],"replies":[{"embeddable":true,"href":"\/20252026\/wp-json\/wp\/v2\/comments?post=1699"}],"version-history":[{"count":0,"href":"\/20252026\/wp-json\/wp\/v2\/posts\/1699\/revisions"}],"wp:attachment":[{"href":"\/20252026\/wp-json\/wp\/v2\/media?parent=1699"}],"wp:term":[{"taxonomy":"category","embeddable":true,"href":"\/20252026\/wp-json\/wp\/v2\/categories?post=1699"},{"taxonomy":"post_tag","embeddable":true,"href":"\/20252026\/wp-json\/wp\/v2\/tags?post=1699"}],"curies":[{"name":"wp","href":"https:\/\/api.w.org\/{rel}","templated":true}]}}