{"id":1700,"date":"2026-04-30T00:06:47","date_gmt":"2026-04-29T22:06:47","guid":{"rendered":"\/20252026\/del-tren-escenic-a-la-representacio\/"},"modified":"2026-04-30T00:06:47","modified_gmt":"2026-04-29T22:06:47","slug":"del-tren-escenic-a-la-representacio","status":"publish","type":"post","link":"\/20252026\/del-tren-escenic-a-la-representacio\/","title":{"rendered":"Del tren esc\u00e8nic a la representaci\u00f3"},"content":{"rendered":"<p>Des de <a href=\"https:\/\/blocsenresidencia.bcn.cat\/joseppla2026\/del-tren-escenic-a-la-representacio\/\">Pau Matas i C\u00e8lia Rovira EN RESiD\u00c8NCiA a l&#8217;Institut Josep Pla (Barcelona)<\/a><\/p>\n<div>Vam comen\u00e7ar l\u2019activitat formant un tren de persones, on tots ens mov\u00edem coordinadament i la persona situada al final assumia el rol de direcci\u00f3 del grup. Durant el recorregut vam introduir obstacles, fet que va fer l\u2019experi\u00e8ncia m\u00e9s din\u00e0mica i divertida, i ens va ajudar a treballar la cohesi\u00f3 i l\u2019atenci\u00f3. Despr\u00e9s ens vam dividir \u2026 <\/p>\n<p class=\"link-more\"><a href=\"https:\/\/blocsenresidencia.bcn.cat\/joseppla2026\/del-tren-escenic-a-la-representacio\/\" class=\"more-link\">Continua llegint <span class=\"screen-reader-text\">\u00abDel tren esc\u00e8nic a la representaci\u00f3\u00bb<\/span><\/a><\/p>\n<\/div>\n","protected":false},"excerpt":{"rendered":"<p>Des de Pau Matas i C\u00e8lia Rovira EN RESiD\u00c8NCiA a l&#8217;Institut Josep Pla (Barcelona) Vam comen\u00e7ar l\u2019activitat formant un tren de persones, on tots ens mov\u00edem coordinadament i la persona situada al final assumia el rol de direcci\u00f3 del grup. Durant el recorregut vam introduir obstacles, fet que va fer l\u2019experi\u00e8ncia m\u00e9s din\u00e0mica i divertida, &hellip; <\/p>\n<p class=\"link-more\"><a href=\"\/20252026\/del-tren-escenic-a-la-representacio\/\" class=\"more-link\">Continua llegint <span class=\"screen-reader-text\">\u00abDel tren esc\u00e8nic a la representaci\u00f3\u00bb<\/span><\/a><\/p>\n","protected":false},"author":4,"featured_media":0,"comment_status":"closed","ping_status":"closed","sticky":false,"template":"","format":"standard","meta":{"footnotes":""},"categories":[1],"tags":[],"class_list":["post-1700","post","type-post","status-publish","format-standard","hentry","category-general"],"_links":{"self":[{"href":"\/20252026\/wp-json\/wp\/v2\/posts\/1700","targetHints":{"allow":["GET"]}}],"collection":[{"href":"\/20252026\/wp-json\/wp\/v2\/posts"}],"about":[{"href":"\/20252026\/wp-json\/wp\/v2\/types\/post"}],"author":[{"embeddable":true,"href":"\/20252026\/wp-json\/wp\/v2\/users\/4"}],"replies":[{"embeddable":true,"href":"\/20252026\/wp-json\/wp\/v2\/comments?post=1700"}],"version-history":[{"count":0,"href":"\/20252026\/wp-json\/wp\/v2\/posts\/1700\/revisions"}],"wp:attachment":[{"href":"\/20252026\/wp-json\/wp\/v2\/media?parent=1700"}],"wp:term":[{"taxonomy":"category","embeddable":true,"href":"\/20252026\/wp-json\/wp\/v2\/categories?post=1700"},{"taxonomy":"post_tag","embeddable":true,"href":"\/20252026\/wp-json\/wp\/v2\/tags?post=1700"}],"curies":[{"name":"wp","href":"https:\/\/api.w.org\/{rel}","templated":true}]}}