{"id":1702,"date":"2026-05-06T12:53:05","date_gmt":"2026-05-06T10:53:05","guid":{"rendered":"\/20252026\/mes-dabril-progres-creativitat-i-reptes-de-convivencia\/"},"modified":"2026-05-06T12:53:05","modified_gmt":"2026-05-06T10:53:05","slug":"mes-dabril-progres-creativitat-i-reptes-de-convivencia","status":"publish","type":"post","link":"\/20252026\/mes-dabril-progres-creativitat-i-reptes-de-convivencia\/","title":{"rendered":"Mes d\u2019abril: Progr\u00e9s, creativitat i reptes de conviv\u00e8ncia"},"content":{"rendered":"<p>Des de <a href=\"https:\/\/blocsenresidencia.bcn.cat\/sants2026\/mes-dabril-progres-creativitat-i-reptes-de-convivencia\/\">Carolina Torres Topaga EN RESiD\u00c8NCiA a l\u2019Institut Sants (Barcelona)<\/a><\/p>\n<div>Aquest mes d\u2019abril ha estat un per\u00edode d\u2019activitat fren\u00e8tica on ens hem bolcat plenament a dissenyar i polir les diverses escenes que estem ultimant. El proc\u00e9s creatiu ha anat molt m\u00e9s enll\u00e0 del text, incorporant jocs de llums complexos, l\u2019\u00fas estrat\u00e8gic de projectors i un acurat treball de vestuari i attrezzo que est\u00e0 donant una \u2026 <\/p>\n<p class=\"link-more\"><a href=\"https:\/\/blocsenresidencia.bcn.cat\/sants2026\/mes-dabril-progres-creativitat-i-reptes-de-convivencia\/\" class=\"more-link\">Continua llegint <span class=\"screen-reader-text\">\u00abMes d\u2019abril: Progr\u00e9s, creativitat i reptes de conviv\u00e8ncia\u00bb<\/span><\/a><\/p>\n<\/div>\n","protected":false},"excerpt":{"rendered":"<p>Des de Carolina Torres Topaga EN RESiD\u00c8NCiA a l\u2019Institut Sants (Barcelona) Aquest mes d\u2019abril ha estat un per\u00edode d\u2019activitat fren\u00e8tica on ens hem bolcat plenament a dissenyar i polir les diverses escenes que estem ultimant. El proc\u00e9s creatiu ha anat molt m\u00e9s enll\u00e0 del text, incorporant jocs de llums complexos, l\u2019\u00fas estrat\u00e8gic de projectors i &hellip; <\/p>\n<p class=\"link-more\"><a href=\"\/20252026\/mes-dabril-progres-creativitat-i-reptes-de-convivencia\/\" class=\"more-link\">Continua llegint <span class=\"screen-reader-text\">\u00abMes d\u2019abril: Progr\u00e9s, creativitat i reptes de conviv\u00e8ncia\u00bb<\/span><\/a><\/p>\n","protected":false},"author":4,"featured_media":0,"comment_status":"closed","ping_status":"closed","sticky":false,"template":"","format":"standard","meta":{"footnotes":""},"categories":[1],"tags":[],"class_list":["post-1702","post","type-post","status-publish","format-standard","hentry","category-general"],"_links":{"self":[{"href":"\/20252026\/wp-json\/wp\/v2\/posts\/1702","targetHints":{"allow":["GET"]}}],"collection":[{"href":"\/20252026\/wp-json\/wp\/v2\/posts"}],"about":[{"href":"\/20252026\/wp-json\/wp\/v2\/types\/post"}],"author":[{"embeddable":true,"href":"\/20252026\/wp-json\/wp\/v2\/users\/4"}],"replies":[{"embeddable":true,"href":"\/20252026\/wp-json\/wp\/v2\/comments?post=1702"}],"version-history":[{"count":0,"href":"\/20252026\/wp-json\/wp\/v2\/posts\/1702\/revisions"}],"wp:attachment":[{"href":"\/20252026\/wp-json\/wp\/v2\/media?parent=1702"}],"wp:term":[{"taxonomy":"category","embeddable":true,"href":"\/20252026\/wp-json\/wp\/v2\/categories?post=1702"},{"taxonomy":"post_tag","embeddable":true,"href":"\/20252026\/wp-json\/wp\/v2\/tags?post=1702"}],"curies":[{"name":"wp","href":"https:\/\/api.w.org\/{rel}","templated":true}]}}