{"id":1706,"date":"2026-05-11T00:00:38","date_gmt":"2026-05-10T22:00:38","guid":{"rendered":"\/20252026\/que-copsa-una-fotografia-que-podem-afegir-a-una-foto-per-tal-que-expliqui-mes-coses\/"},"modified":"2026-05-11T00:00:38","modified_gmt":"2026-05-10T22:00:38","slug":"que-copsa-una-fotografia-que-podem-afegir-a-una-foto-per-tal-que-expliqui-mes-coses","status":"publish","type":"post","link":"\/20252026\/que-copsa-una-fotografia-que-podem-afegir-a-una-foto-per-tal-que-expliqui-mes-coses\/","title":{"rendered":"Qu\u00e8 copsa una fotografia? Qu\u00e8 podem afegir a una foto per tal que expliqui m\u00e9s coses\u2026?"},"content":{"rendered":"<p>Des de <a href=\"https:\/\/blocsenresidencia.bcn.cat\/ribera2026\/que-copsa-una-fotografia-que-podem-afegir-a-una-foto-per-tal-que-expliqui-mes-coses\/\">Laura Gin\u00e8s EN RESiD\u00c8NCiA a l\u2019Institut La Ribera (Montcada i Reixac)<\/a><\/p>\n<div>La Laura ens explica com les imatges s\u00f3n poderoses per expressar coses i copsar instants o realitats sense paraules. I com a cada espectadora al mateix temps, una imatge li pot dir o explicar coses diferents. Per aix\u00f2 despr\u00e9s d\u2019anar a veure l\u2019expossici\u00f3 de Helen Levitt a la Fundaci\u00f3 Mapfre de Barcelona, vam escollir quines \u2026 <\/p>\n<p class=\"link-more\"><a href=\"https:\/\/blocsenresidencia.bcn.cat\/ribera2026\/que-copsa-una-fotografia-que-podem-afegir-a-una-foto-per-tal-que-expliqui-mes-coses\/\" class=\"more-link\">Continua llegint <span class=\"screen-reader-text\">\u00abQu\u00e8 copsa una fotografia? Qu\u00e8 podem afegir a una foto per tal que expliqui m\u00e9s coses\u2026?\u00bb<\/span><\/a><\/p>\n<\/div>\n","protected":false},"excerpt":{"rendered":"<p>Des de Laura Gin\u00e8s EN RESiD\u00c8NCiA a l\u2019Institut La Ribera (Montcada i Reixac) La Laura ens explica com les imatges s\u00f3n poderoses per expressar coses i copsar instants o realitats sense paraules. I com a cada espectadora al mateix temps, una imatge li pot dir o explicar coses diferents. Per aix\u00f2 despr\u00e9s d\u2019anar a veure &hellip; <\/p>\n<p class=\"link-more\"><a href=\"\/20252026\/que-copsa-una-fotografia-que-podem-afegir-a-una-foto-per-tal-que-expliqui-mes-coses\/\" class=\"more-link\">Continua llegint <span class=\"screen-reader-text\">\u00abQu\u00e8 copsa una fotografia? Qu\u00e8 podem afegir a una foto per tal que expliqui m\u00e9s coses\u2026?\u00bb<\/span><\/a><\/p>\n","protected":false},"author":4,"featured_media":0,"comment_status":"closed","ping_status":"closed","sticky":false,"template":"","format":"standard","meta":{"footnotes":""},"categories":[1],"tags":[],"class_list":["post-1706","post","type-post","status-publish","format-standard","hentry","category-general"],"_links":{"self":[{"href":"\/20252026\/wp-json\/wp\/v2\/posts\/1706","targetHints":{"allow":["GET"]}}],"collection":[{"href":"\/20252026\/wp-json\/wp\/v2\/posts"}],"about":[{"href":"\/20252026\/wp-json\/wp\/v2\/types\/post"}],"author":[{"embeddable":true,"href":"\/20252026\/wp-json\/wp\/v2\/users\/4"}],"replies":[{"embeddable":true,"href":"\/20252026\/wp-json\/wp\/v2\/comments?post=1706"}],"version-history":[{"count":0,"href":"\/20252026\/wp-json\/wp\/v2\/posts\/1706\/revisions"}],"wp:attachment":[{"href":"\/20252026\/wp-json\/wp\/v2\/media?parent=1706"}],"wp:term":[{"taxonomy":"category","embeddable":true,"href":"\/20252026\/wp-json\/wp\/v2\/categories?post=1706"},{"taxonomy":"post_tag","embeddable":true,"href":"\/20252026\/wp-json\/wp\/v2\/tags?post=1706"}],"curies":[{"name":"wp","href":"https:\/\/api.w.org\/{rel}","templated":true}]}}