{"id":1713,"date":"2026-05-13T14:02:16","date_gmt":"2026-05-13T12:02:16","guid":{"rendered":"\/20252026\/entre-assajos-presa-de-decisions-i-creacio\/"},"modified":"2026-05-13T14:02:16","modified_gmt":"2026-05-13T12:02:16","slug":"entre-assajos-presa-de-decisions-i-creacio","status":"publish","type":"post","link":"\/20252026\/entre-assajos-presa-de-decisions-i-creacio\/","title":{"rendered":"Entre assajos, presa de decisions i creaci\u00f3."},"content":{"rendered":"<p>Des de <a href=\"https:\/\/blocsenresidencia.bcn.cat\/doctorpuigvert2026\/entre-assajos-presa-de-decisions-i-creacio\/\">Vivian Friedrich EN RESiD\u00c8NCiA a l&#8217;Institut Doctor Puigvert (Barcelona)<\/a><\/p>\n<div>Al projecte En Resid\u00e8ncia artistes als instituts, impulsat pel Consorci d\u2019Educaci\u00f3 de Barcelona i l\u2019ICUB, l\u2019aula esdev\u00e9 un espai de creaci\u00f3 viu on els estudiants experimenten, assagen i construeixen llenguatge esc\u00e8nic propi. Actualment, el grup es troba immers en la pr\u00e0ctica d\u2019exercicis d\u2019arts esc\u00e8niques que donaran forma a la pe\u00e7a final, alhora que inicia el \u2026 <\/p>\n<p class=\"link-more\"><a href=\"https:\/\/blocsenresidencia.bcn.cat\/doctorpuigvert2026\/entre-assajos-presa-de-decisions-i-creacio\/\" class=\"more-link\">Continua llegint <span class=\"screen-reader-text\">\u00abEntre assajos, presa de decisions i creaci\u00f3.\u00bb<\/span><\/a><\/p>\n<\/div>\n","protected":false},"excerpt":{"rendered":"<p>Des de Vivian Friedrich EN RESiD\u00c8NCiA a l&#8217;Institut Doctor Puigvert (Barcelona) Al projecte En Resid\u00e8ncia artistes als instituts, impulsat pel Consorci d\u2019Educaci\u00f3 de Barcelona i l\u2019ICUB, l\u2019aula esdev\u00e9 un espai de creaci\u00f3 viu on els estudiants experimenten, assagen i construeixen llenguatge esc\u00e8nic propi. Actualment, el grup es troba immers en la pr\u00e0ctica d\u2019exercicis d\u2019arts esc\u00e8niques &hellip; <\/p>\n<p class=\"link-more\"><a href=\"\/20252026\/entre-assajos-presa-de-decisions-i-creacio\/\" class=\"more-link\">Continua llegint <span class=\"screen-reader-text\">\u00abEntre assajos, presa de decisions i creaci\u00f3.\u00bb<\/span><\/a><\/p>\n","protected":false},"author":4,"featured_media":0,"comment_status":"closed","ping_status":"closed","sticky":false,"template":"","format":"standard","meta":{"footnotes":""},"categories":[1],"tags":[],"class_list":["post-1713","post","type-post","status-publish","format-standard","hentry","category-general"],"_links":{"self":[{"href":"\/20252026\/wp-json\/wp\/v2\/posts\/1713","targetHints":{"allow":["GET"]}}],"collection":[{"href":"\/20252026\/wp-json\/wp\/v2\/posts"}],"about":[{"href":"\/20252026\/wp-json\/wp\/v2\/types\/post"}],"author":[{"embeddable":true,"href":"\/20252026\/wp-json\/wp\/v2\/users\/4"}],"replies":[{"embeddable":true,"href":"\/20252026\/wp-json\/wp\/v2\/comments?post=1713"}],"version-history":[{"count":0,"href":"\/20252026\/wp-json\/wp\/v2\/posts\/1713\/revisions"}],"wp:attachment":[{"href":"\/20252026\/wp-json\/wp\/v2\/media?parent=1713"}],"wp:term":[{"taxonomy":"category","embeddable":true,"href":"\/20252026\/wp-json\/wp\/v2\/categories?post=1713"},{"taxonomy":"post_tag","embeddable":true,"href":"\/20252026\/wp-json\/wp\/v2\/tags?post=1713"}],"curies":[{"name":"wp","href":"https:\/\/api.w.org\/{rel}","templated":true}]}}