{"id":1717,"date":"2026-05-19T00:05:36","date_gmt":"2026-05-18T22:05:36","guid":{"rendered":"\/20252026\/sala-josep-ucles-centre-cultural-el-carme-badalona\/"},"modified":"2026-05-19T00:05:36","modified_gmt":"2026-05-18T22:05:36","slug":"sala-josep-ucles-centre-cultural-el-carme-badalona","status":"publish","type":"post","link":"\/20252026\/sala-josep-ucles-centre-cultural-el-carme-badalona\/","title":{"rendered":"SALA JOSEP UCL\u00c9S.CENTRE CULTURAL EL CARME-BADALONA"},"content":{"rendered":"<p>Des de <a href=\"https:\/\/blocsenresidencia.bcn.cat\/pompeufabra2026\/sala-josep-ucles-centre-cultural-el-carme-badalona\/\">V\u00edctor Jaenada EN RESiD\u00c8NCiA a l&#8217;Institut Pompeu Fabra (Badalona)<\/a><\/p>\n<div>Estem a la recta final del projecte i tenim moltes ganes de poder compartir-ho amb tots vosaltres. Hem tingut l\u2019oportunitat de visitar amb el V\u00edctor Jaenada, la Francesca i la Mariana, responsables d\u2019 EART, (centre de mediaci\u00f3, d\u2019educaci\u00f3 i art contemporani) la sala Josep Ucl\u00e9s a Badalona. Aquesta sala, \u00e9s una sala d\u2019exposicions ubicada a \u2026 <\/p>\n<p class=\"link-more\"><a href=\"https:\/\/blocsenresidencia.bcn.cat\/pompeufabra2026\/sala-josep-ucles-centre-cultural-el-carme-badalona\/\" class=\"more-link\">Continua llegint <span class=\"screen-reader-text\">\u00abSALA JOSEP UCL\u00c9S.CENTRE CULTURAL EL CARME-BADALONA\u00bb<\/span><\/a><\/p>\n<\/div>\n","protected":false},"excerpt":{"rendered":"<p>Des de V\u00edctor Jaenada EN RESiD\u00c8NCiA a l&#8217;Institut Pompeu Fabra (Badalona) Estem a la recta final del projecte i tenim moltes ganes de poder compartir-ho amb tots vosaltres. Hem tingut l\u2019oportunitat de visitar amb el V\u00edctor Jaenada, la Francesca i la Mariana, responsables d\u2019 EART, (centre de mediaci\u00f3, d\u2019educaci\u00f3 i art contemporani) la sala Josep &hellip; <\/p>\n<p class=\"link-more\"><a href=\"\/20252026\/sala-josep-ucles-centre-cultural-el-carme-badalona\/\" class=\"more-link\">Continua llegint <span class=\"screen-reader-text\">\u00abSALA JOSEP UCL\u00c9S.CENTRE CULTURAL EL CARME-BADALONA\u00bb<\/span><\/a><\/p>\n","protected":false},"author":4,"featured_media":0,"comment_status":"closed","ping_status":"closed","sticky":false,"template":"","format":"standard","meta":{"footnotes":""},"categories":[1],"tags":[],"class_list":["post-1717","post","type-post","status-publish","format-standard","hentry","category-general"],"_links":{"self":[{"href":"\/20252026\/wp-json\/wp\/v2\/posts\/1717","targetHints":{"allow":["GET"]}}],"collection":[{"href":"\/20252026\/wp-json\/wp\/v2\/posts"}],"about":[{"href":"\/20252026\/wp-json\/wp\/v2\/types\/post"}],"author":[{"embeddable":true,"href":"\/20252026\/wp-json\/wp\/v2\/users\/4"}],"replies":[{"embeddable":true,"href":"\/20252026\/wp-json\/wp\/v2\/comments?post=1717"}],"version-history":[{"count":0,"href":"\/20252026\/wp-json\/wp\/v2\/posts\/1717\/revisions"}],"wp:attachment":[{"href":"\/20252026\/wp-json\/wp\/v2\/media?parent=1717"}],"wp:term":[{"taxonomy":"category","embeddable":true,"href":"\/20252026\/wp-json\/wp\/v2\/categories?post=1717"},{"taxonomy":"post_tag","embeddable":true,"href":"\/20252026\/wp-json\/wp\/v2\/tags?post=1717"}],"curies":[{"name":"wp","href":"https:\/\/api.w.org\/{rel}","templated":true}]}}