{"id":1719,"date":"2026-05-19T12:11:01","date_gmt":"2026-05-19T10:11:01","guid":{"rendered":"\/20252026\/de-juan-no-sabemos-nada\/"},"modified":"2026-05-19T12:11:01","modified_gmt":"2026-05-19T10:11:01","slug":"de-juan-no-sabemos-nada","status":"publish","type":"post","link":"\/20252026\/de-juan-no-sabemos-nada\/","title":{"rendered":"\u201cde juan no sabemos nada\u201d"},"content":{"rendered":"<p>Des de <a href=\"https:\/\/blocsenresidencia.bcn.cat\/conselldecent2026\/de-juan-no-sabemos-nada\/\">teresa w \uff65*:\uff61.\uff61:*\uff65\u309c\uff9f\uff65* EN RESiD\u00c8NCiA a l\u2019Institut Consell de Cent (Barcelona)<\/a><\/p>\n<div>Ja tenim el projecte acabat i presentat! El passat dimecres 13 de maig vam presentar al MNAC la nostra pe\u00e7a sonora, ben aviat us farem un post de com va anar la presentaci\u00f3, avui us presentem el text presenta la pe\u00e7a sonora \u201cexposada\u201d al MNAC: teresa w \u30fb \u00e9s fada i artista. La seva pr\u00e0ctica \u2026 <\/p>\n<p class=\"link-more\"><a href=\"https:\/\/blocsenresidencia.bcn.cat\/conselldecent2026\/de-juan-no-sabemos-nada\/\" class=\"more-link\">Continua llegint <span class=\"screen-reader-text\">\u00ab\u201cde juan no sabemos nada\u201d\u00bb<\/span><\/a><\/p>\n<\/div>\n","protected":false},"excerpt":{"rendered":"<p>Des de teresa w \uff65*:\uff61.\uff61:*\uff65\u309c\uff9f\uff65* EN RESiD\u00c8NCiA a l\u2019Institut Consell de Cent (Barcelona) Ja tenim el projecte acabat i presentat! El passat dimecres 13 de maig vam presentar al MNAC la nostra pe\u00e7a sonora, ben aviat us farem un post de com va anar la presentaci\u00f3, avui us presentem el text presenta la pe\u00e7a sonora &hellip; <\/p>\n<p class=\"link-more\"><a href=\"\/20252026\/de-juan-no-sabemos-nada\/\" class=\"more-link\">Continua llegint <span class=\"screen-reader-text\">\u00ab\u201cde juan no sabemos nada\u201d\u00bb<\/span><\/a><\/p>\n","protected":false},"author":4,"featured_media":0,"comment_status":"closed","ping_status":"closed","sticky":false,"template":"","format":"standard","meta":{"footnotes":""},"categories":[1],"tags":[],"class_list":["post-1719","post","type-post","status-publish","format-standard","hentry","category-general"],"_links":{"self":[{"href":"\/20252026\/wp-json\/wp\/v2\/posts\/1719","targetHints":{"allow":["GET"]}}],"collection":[{"href":"\/20252026\/wp-json\/wp\/v2\/posts"}],"about":[{"href":"\/20252026\/wp-json\/wp\/v2\/types\/post"}],"author":[{"embeddable":true,"href":"\/20252026\/wp-json\/wp\/v2\/users\/4"}],"replies":[{"embeddable":true,"href":"\/20252026\/wp-json\/wp\/v2\/comments?post=1719"}],"version-history":[{"count":0,"href":"\/20252026\/wp-json\/wp\/v2\/posts\/1719\/revisions"}],"wp:attachment":[{"href":"\/20252026\/wp-json\/wp\/v2\/media?parent=1719"}],"wp:term":[{"taxonomy":"category","embeddable":true,"href":"\/20252026\/wp-json\/wp\/v2\/categories?post=1719"},{"taxonomy":"post_tag","embeddable":true,"href":"\/20252026\/wp-json\/wp\/v2\/tags?post=1719"}],"curies":[{"name":"wp","href":"https:\/\/api.w.org\/{rel}","templated":true}]}}