{"id":1721,"date":"2026-05-23T00:02:33","date_gmt":"2026-05-22T22:02:33","guid":{"rendered":"\/20252026\/quedes-convidt\/"},"modified":"2026-05-23T00:02:33","modified_gmt":"2026-05-22T22:02:33","slug":"quedes-convidt","status":"publish","type":"post","link":"\/20252026\/quedes-convidt\/","title":{"rendered":"QUEDES CONVID@T!"},"content":{"rendered":"<p>Des de <a href=\"https:\/\/blocsenresidencia.bcn.cat\/pompeufabra2026\/quedes-convidt\/\">V\u00edctor Jaenada EN RESiD\u00c8NCiA a l&#8217;Institut Pompeu Fabra (Badalona)<\/a><\/p>\n<div>Per informar i promocionar l\u2019obra conjunta amb el V\u00edctor Jaenada, ens estem encarregant de crear uns cartells per poder fer difusi\u00f3 entre el professorat i l\u2019alumnat del nostre institut. Tamb\u00e9 hem creat unes invitacions tem\u00e0tiques que animin a la nostre comunitat educativa a venir a la inauguraci\u00f3. Aqu\u00ed teniu una mostra.<\/div>\n","protected":false},"excerpt":{"rendered":"<p>Des de V\u00edctor Jaenada EN RESiD\u00c8NCiA a l&#8217;Institut Pompeu Fabra (Badalona) Per informar i promocionar l\u2019obra conjunta amb el V\u00edctor Jaenada, ens estem encarregant de crear uns cartells per poder fer difusi\u00f3 entre el professorat i l\u2019alumnat del nostre institut. Tamb\u00e9 hem creat unes invitacions tem\u00e0tiques que animin a la nostre comunitat educativa a venir &hellip; <\/p>\n<p class=\"link-more\"><a href=\"\/20252026\/quedes-convidt\/\" class=\"more-link\">Continua llegint <span class=\"screen-reader-text\">\u00abQUEDES CONVID@T!\u00bb<\/span><\/a><\/p>\n","protected":false},"author":4,"featured_media":0,"comment_status":"closed","ping_status":"closed","sticky":false,"template":"","format":"standard","meta":{"footnotes":""},"categories":[1],"tags":[],"class_list":["post-1721","post","type-post","status-publish","format-standard","hentry","category-general"],"_links":{"self":[{"href":"\/20252026\/wp-json\/wp\/v2\/posts\/1721","targetHints":{"allow":["GET"]}}],"collection":[{"href":"\/20252026\/wp-json\/wp\/v2\/posts"}],"about":[{"href":"\/20252026\/wp-json\/wp\/v2\/types\/post"}],"author":[{"embeddable":true,"href":"\/20252026\/wp-json\/wp\/v2\/users\/4"}],"replies":[{"embeddable":true,"href":"\/20252026\/wp-json\/wp\/v2\/comments?post=1721"}],"version-history":[{"count":0,"href":"\/20252026\/wp-json\/wp\/v2\/posts\/1721\/revisions"}],"wp:attachment":[{"href":"\/20252026\/wp-json\/wp\/v2\/media?parent=1721"}],"wp:term":[{"taxonomy":"category","embeddable":true,"href":"\/20252026\/wp-json\/wp\/v2\/categories?post=1721"},{"taxonomy":"post_tag","embeddable":true,"href":"\/20252026\/wp-json\/wp\/v2\/tags?post=1721"}],"curies":[{"name":"wp","href":"https:\/\/api.w.org\/{rel}","templated":true}]}}