{"id":1722,"date":"2026-05-28T00:04:09","date_gmt":"2026-05-27T22:04:09","guid":{"rendered":"\/20252026\/tancament-del-projecte-en-residencia-al-mas-fonollar\/"},"modified":"2026-05-28T00:04:09","modified_gmt":"2026-05-27T22:04:09","slug":"tancament-del-projecte-en-residencia-al-mas-fonollar","status":"publish","type":"post","link":"\/20252026\/tancament-del-projecte-en-residencia-al-mas-fonollar\/","title":{"rendered":"Tancament del projecte En Resid\u00e8ncia al Mas Fonollar"},"content":{"rendered":"<p>Des de <a href=\"https:\/\/blocsenresidencia.bcn.cat\/bastida2026\/tancament-del-projecte-en-residencia-al-mas-fonollar\/\">Carmela Mu\u00f1oz i Esther Sol\u00e9 Alarc\u00f3n EN RESiD\u00c8NCiA a l\u2019Institut La Bastida  (Santa Coloma de Gramenet)<\/a><\/p>\n<div>Ahir vam viure el tancament del projecte En Resid\u00e8ncia amb les artistes Carmela Mu\u00f1oz i Esther Alarc\u00f3n, juntament amb l\u2019alumnat del centre, en una jornada molt especial al Mas Fonollar. L\u2019acte final va reunir alumnat, professorat, persones vinculades al projecte, autoritats del Consorci del Bes\u00f2s i l\u2019Ajuntament de Santa Coloma de Gramenet i tamb\u00e9 La \u2026 <\/p>\n<p class=\"link-more\"><a href=\"https:\/\/blocsenresidencia.bcn.cat\/bastida2026\/tancament-del-projecte-en-residencia-al-mas-fonollar\/\" class=\"more-link\">Continua llegint <span class=\"screen-reader-text\">\u00abTancament del projecte En Resid\u00e8ncia al Mas Fonollar\u00bb<\/span><\/a><\/p>\n<\/div>\n","protected":false},"excerpt":{"rendered":"<p>Des de Carmela Mu\u00f1oz i Esther Sol\u00e9 Alarc\u00f3n EN RESiD\u00c8NCiA a l\u2019Institut La Bastida (Santa Coloma de Gramenet) Ahir vam viure el tancament del projecte En Resid\u00e8ncia amb les artistes Carmela Mu\u00f1oz i Esther Alarc\u00f3n, juntament amb l\u2019alumnat del centre, en una jornada molt especial al Mas Fonollar. L\u2019acte final va reunir alumnat, professorat, persones &hellip; <\/p>\n<p class=\"link-more\"><a href=\"\/20252026\/tancament-del-projecte-en-residencia-al-mas-fonollar\/\" class=\"more-link\">Continua llegint <span class=\"screen-reader-text\">\u00abTancament del projecte En Resid\u00e8ncia al Mas Fonollar\u00bb<\/span><\/a><\/p>\n","protected":false},"author":4,"featured_media":0,"comment_status":"closed","ping_status":"closed","sticky":false,"template":"","format":"standard","meta":{"footnotes":""},"categories":[1],"tags":[],"class_list":["post-1722","post","type-post","status-publish","format-standard","hentry","category-general"],"_links":{"self":[{"href":"\/20252026\/wp-json\/wp\/v2\/posts\/1722","targetHints":{"allow":["GET"]}}],"collection":[{"href":"\/20252026\/wp-json\/wp\/v2\/posts"}],"about":[{"href":"\/20252026\/wp-json\/wp\/v2\/types\/post"}],"author":[{"embeddable":true,"href":"\/20252026\/wp-json\/wp\/v2\/users\/4"}],"replies":[{"embeddable":true,"href":"\/20252026\/wp-json\/wp\/v2\/comments?post=1722"}],"version-history":[{"count":0,"href":"\/20252026\/wp-json\/wp\/v2\/posts\/1722\/revisions"}],"wp:attachment":[{"href":"\/20252026\/wp-json\/wp\/v2\/media?parent=1722"}],"wp:term":[{"taxonomy":"category","embeddable":true,"href":"\/20252026\/wp-json\/wp\/v2\/categories?post=1722"},{"taxonomy":"post_tag","embeddable":true,"href":"\/20252026\/wp-json\/wp\/v2\/tags?post=1722"}],"curies":[{"name":"wp","href":"https:\/\/api.w.org\/{rel}","templated":true}]}}