{"id":1724,"date":"2026-05-28T12:31:29","date_gmt":"2026-05-28T10:31:29","guid":{"rendered":"\/20252026\/descobrint-lespai-que-acollira-les-nostres-peces\/"},"modified":"2026-05-28T12:31:29","modified_gmt":"2026-05-28T10:31:29","slug":"descobrint-lespai-que-acollira-les-nostres-peces","status":"publish","type":"post","link":"\/20252026\/descobrint-lespai-que-acollira-les-nostres-peces\/","title":{"rendered":"Descobrint l\u2019espai que acollir\u00e0 les nostres peces"},"content":{"rendered":"<p>Des de <a href=\"https:\/\/blocsenresidencia.bcn.cat\/torrevicens2026\/descobrint-lespai-que-acollira-les-nostres-peces\/\">Marta Bisbal  EN RESiD\u00c8NCiA a l\u2019Institut Torre Vicens<\/a><\/p>\n<div>Aquests dies hem tingut l\u2019oportunitat de comen\u00e7ar a con\u00e8ixer el Museu Morera, l\u2019espai que acollir\u00e0 la mostra final del nostre projecte. Entrar-hi per primera vegada amb la mirada de qui hi exposar\u00e0 ha estat una experi\u00e8ncia emocionant i plena de preguntes. Hem recorregut les sales imaginant com dialogaran els nostres objectes amb l\u2019espai, amb la \u2026 <\/p>\n<p class=\"link-more\"><a href=\"https:\/\/blocsenresidencia.bcn.cat\/torrevicens2026\/descobrint-lespai-que-acollira-les-nostres-peces\/\" class=\"more-link\">Continua llegint <span class=\"screen-reader-text\">\u00abDescobrint l\u2019espai que acollir\u00e0 les nostres peces\u00bb<\/span><\/a><\/p>\n<\/div>\n","protected":false},"excerpt":{"rendered":"<p>Des de Marta Bisbal EN RESiD\u00c8NCiA a l\u2019Institut Torre Vicens Aquests dies hem tingut l\u2019oportunitat de comen\u00e7ar a con\u00e8ixer el Museu Morera, l\u2019espai que acollir\u00e0 la mostra final del nostre projecte. Entrar-hi per primera vegada amb la mirada de qui hi exposar\u00e0 ha estat una experi\u00e8ncia emocionant i plena de preguntes. Hem recorregut les sales &hellip; <\/p>\n<p class=\"link-more\"><a href=\"\/20252026\/descobrint-lespai-que-acollira-les-nostres-peces\/\" class=\"more-link\">Continua llegint <span class=\"screen-reader-text\">\u00abDescobrint l\u2019espai que acollir\u00e0 les nostres peces\u00bb<\/span><\/a><\/p>\n","protected":false},"author":4,"featured_media":0,"comment_status":"closed","ping_status":"closed","sticky":false,"template":"","format":"standard","meta":{"footnotes":""},"categories":[1],"tags":[],"class_list":["post-1724","post","type-post","status-publish","format-standard","hentry","category-general"],"_links":{"self":[{"href":"\/20252026\/wp-json\/wp\/v2\/posts\/1724","targetHints":{"allow":["GET"]}}],"collection":[{"href":"\/20252026\/wp-json\/wp\/v2\/posts"}],"about":[{"href":"\/20252026\/wp-json\/wp\/v2\/types\/post"}],"author":[{"embeddable":true,"href":"\/20252026\/wp-json\/wp\/v2\/users\/4"}],"replies":[{"embeddable":true,"href":"\/20252026\/wp-json\/wp\/v2\/comments?post=1724"}],"version-history":[{"count":0,"href":"\/20252026\/wp-json\/wp\/v2\/posts\/1724\/revisions"}],"wp:attachment":[{"href":"\/20252026\/wp-json\/wp\/v2\/media?parent=1724"}],"wp:term":[{"taxonomy":"category","embeddable":true,"href":"\/20252026\/wp-json\/wp\/v2\/categories?post=1724"},{"taxonomy":"post_tag","embeddable":true,"href":"\/20252026\/wp-json\/wp\/v2\/tags?post=1724"}],"curies":[{"name":"wp","href":"https:\/\/api.w.org\/{rel}","templated":true}]}}