{"id":1725,"date":"2026-05-29T00:07:34","date_gmt":"2026-05-28T22:07:34","guid":{"rendered":"\/20252026\/el-nostre-arxiu-sonor-la-memoria-feta-art-us-presentem-de-juan-no-sabemos-nada\/"},"modified":"2026-05-29T00:07:34","modified_gmt":"2026-05-28T22:07:34","slug":"el-nostre-arxiu-sonor-la-memoria-feta-art-us-presentem-de-juan-no-sabemos-nada","status":"publish","type":"post","link":"\/20252026\/el-nostre-arxiu-sonor-la-memoria-feta-art-us-presentem-de-juan-no-sabemos-nada\/","title":{"rendered":"El nostre arxiu sonor. La mem\u00f2ria feta art: Us presentem \u00abde Juan no sabemos nada\u00bb."},"content":{"rendered":"<p>Des de <a href=\"https:\/\/blocsenresidencia.bcn.cat\/conselldecent2026\/el-nostre-arxiu-sonor-la-memoria-feta-art-us-presentem-de-juan-no-sabemos-nada\/\">teresa w \uff65*:\uff61.\uff61:*\uff65\u309c\uff9f\uff65* EN RESiD\u00c8NCiA a l\u2019Institut Consell de Cent (Barcelona)<\/a><\/p>\n<div>Despr\u00e9s de mesos de recerca, de debats intensos sobre els conflictes del passat a les sales del MNAC i d\u2019aprendre a mirar el m\u00f3n a trav\u00e9s del so, per fi tenim ja creada la nostra pe\u00e7a art\u00edstica. Tots nosaltres, juntament amb l\u2019artista Teresa W., tenim l\u2019orgull de presentar el fruit de tot el nostre treball: \u2026 <\/p>\n<p class=\"link-more\"><a href=\"https:\/\/blocsenresidencia.bcn.cat\/conselldecent2026\/el-nostre-arxiu-sonor-la-memoria-feta-art-us-presentem-de-juan-no-sabemos-nada\/\" class=\"more-link\">Continua llegint <span class=\"screen-reader-text\">\u00abEl nostre arxiu sonor. La mem\u00f2ria feta art: Us presentem \u00abde Juan no sabemos nada\u00bb.\u00bb<\/span><\/a><\/p>\n<\/div>\n","protected":false},"excerpt":{"rendered":"<p>Des de teresa w \uff65*:\uff61.\uff61:*\uff65\u309c\uff9f\uff65* EN RESiD\u00c8NCiA a l\u2019Institut Consell de Cent (Barcelona) Despr\u00e9s de mesos de recerca, de debats intensos sobre els conflictes del passat a les sales del MNAC i d\u2019aprendre a mirar el m\u00f3n a trav\u00e9s del so, per fi tenim ja creada la nostra pe\u00e7a art\u00edstica. Tots nosaltres, juntament amb l\u2019artista &hellip; <\/p>\n<p class=\"link-more\"><a href=\"\/20252026\/el-nostre-arxiu-sonor-la-memoria-feta-art-us-presentem-de-juan-no-sabemos-nada\/\" class=\"more-link\">Continua llegint <span class=\"screen-reader-text\">\u00abEl nostre arxiu sonor. La mem\u00f2ria feta art: Us presentem \u00abde Juan no sabemos nada\u00bb.\u00bb<\/span><\/a><\/p>\n","protected":false},"author":4,"featured_media":0,"comment_status":"closed","ping_status":"closed","sticky":false,"template":"","format":"standard","meta":{"footnotes":""},"categories":[1],"tags":[],"class_list":["post-1725","post","type-post","status-publish","format-standard","hentry","category-general"],"_links":{"self":[{"href":"\/20252026\/wp-json\/wp\/v2\/posts\/1725","targetHints":{"allow":["GET"]}}],"collection":[{"href":"\/20252026\/wp-json\/wp\/v2\/posts"}],"about":[{"href":"\/20252026\/wp-json\/wp\/v2\/types\/post"}],"author":[{"embeddable":true,"href":"\/20252026\/wp-json\/wp\/v2\/users\/4"}],"replies":[{"embeddable":true,"href":"\/20252026\/wp-json\/wp\/v2\/comments?post=1725"}],"version-history":[{"count":0,"href":"\/20252026\/wp-json\/wp\/v2\/posts\/1725\/revisions"}],"wp:attachment":[{"href":"\/20252026\/wp-json\/wp\/v2\/media?parent=1725"}],"wp:term":[{"taxonomy":"category","embeddable":true,"href":"\/20252026\/wp-json\/wp\/v2\/categories?post=1725"},{"taxonomy":"post_tag","embeddable":true,"href":"\/20252026\/wp-json\/wp\/v2\/tags?post=1725"}],"curies":[{"name":"wp","href":"https:\/\/api.w.org\/{rel}","templated":true}]}}