{"id":1727,"date":"2026-06-02T00:50:23","date_gmt":"2026-06-01T22:50:23","guid":{"rendered":"\/20252026\/la-caldera-centre-de-creacio-i-dansa\/"},"modified":"2026-06-02T00:50:23","modified_gmt":"2026-06-01T22:50:23","slug":"la-caldera-centre-de-creacio-i-dansa","status":"publish","type":"post","link":"\/20252026\/la-caldera-centre-de-creacio-i-dansa\/","title":{"rendered":"La Caldera. Centre de Creaci\u00f3 i Dansa"},"content":{"rendered":"<p>Des de <a href=\"https:\/\/blocsenresidencia.bcn.cat\/vazquezmontalban2026\/la-caldera-centre-de-creacio-i-dansa\/\">Aleix Faur\u00f3 i Sierra (La Virgueria) EN RESiD\u00c8NCiA a l\u2019Institut Manuel V\u00e1zquez Montalb\u00e1n (Sant Adri\u00e0 de Bes\u00f2s)<\/a><\/p>\n<div>El 4 de mar\u00e7 vam visitar La Caldera. Centre de Creaci\u00f3 i Dansa.Avui hem anat tots plegats a La Caldera, Centre de Creaci\u00f3 de Dansa, per gaudir de ELK, una creaci\u00f3 de S\u00f2nia G\u00f3mez. Es tracta d\u2019una proposta de dansa performativa que estableix un di\u00e0leg entre el cos de la ballarina i diferents mat\u00e8ries, tant \u2026 <\/p>\n<p class=\"link-more\"><a href=\"https:\/\/blocsenresidencia.bcn.cat\/vazquezmontalban2026\/la-caldera-centre-de-creacio-i-dansa\/\" class=\"more-link\">Continua llegint <span class=\"screen-reader-text\">\u00abLa Caldera. Centre de Creaci\u00f3 i Dansa\u00bb<\/span><\/a><\/p>\n<\/div>\n","protected":false},"excerpt":{"rendered":"<p>Des de Aleix Faur\u00f3 i Sierra (La Virgueria) EN RESiD\u00c8NCiA a l\u2019Institut Manuel V\u00e1zquez Montalb\u00e1n (Sant Adri\u00e0 de Bes\u00f2s) El 4 de mar\u00e7 vam visitar La Caldera. Centre de Creaci\u00f3 i Dansa.Avui hem anat tots plegats a La Caldera, Centre de Creaci\u00f3 de Dansa, per gaudir de ELK, una creaci\u00f3 de S\u00f2nia G\u00f3mez. Es tracta &hellip; <\/p>\n<p class=\"link-more\"><a href=\"\/20252026\/la-caldera-centre-de-creacio-i-dansa\/\" class=\"more-link\">Continua llegint <span class=\"screen-reader-text\">\u00abLa Caldera. Centre de Creaci\u00f3 i Dansa\u00bb<\/span><\/a><\/p>\n","protected":false},"author":4,"featured_media":0,"comment_status":"closed","ping_status":"closed","sticky":false,"template":"","format":"standard","meta":{"footnotes":""},"categories":[1],"tags":[],"class_list":["post-1727","post","type-post","status-publish","format-standard","hentry","category-general"],"_links":{"self":[{"href":"\/20252026\/wp-json\/wp\/v2\/posts\/1727","targetHints":{"allow":["GET"]}}],"collection":[{"href":"\/20252026\/wp-json\/wp\/v2\/posts"}],"about":[{"href":"\/20252026\/wp-json\/wp\/v2\/types\/post"}],"author":[{"embeddable":true,"href":"\/20252026\/wp-json\/wp\/v2\/users\/4"}],"replies":[{"embeddable":true,"href":"\/20252026\/wp-json\/wp\/v2\/comments?post=1727"}],"version-history":[{"count":0,"href":"\/20252026\/wp-json\/wp\/v2\/posts\/1727\/revisions"}],"wp:attachment":[{"href":"\/20252026\/wp-json\/wp\/v2\/media?parent=1727"}],"wp:term":[{"taxonomy":"category","embeddable":true,"href":"\/20252026\/wp-json\/wp\/v2\/categories?post=1727"},{"taxonomy":"post_tag","embeddable":true,"href":"\/20252026\/wp-json\/wp\/v2\/tags?post=1727"}],"curies":[{"name":"wp","href":"https:\/\/api.w.org\/{rel}","templated":true}]}}