{"id":1743,"date":"2026-06-11T00:09:18","date_gmt":"2026-06-10T22:09:18","guid":{"rendered":"\/20252026\/les-arrels-de-larxiu-sonor-de-la-memoria-familiar-a-la-comunitat-artistica\/"},"modified":"2026-06-11T00:09:18","modified_gmt":"2026-06-10T22:09:18","slug":"les-arrels-de-larxiu-sonor-de-la-memoria-familiar-a-la-comunitat-artistica","status":"publish","type":"post","link":"\/20252026\/les-arrels-de-larxiu-sonor-de-la-memoria-familiar-a-la-comunitat-artistica\/","title":{"rendered":"Les arrels de l\u2019arxiu sonor: De la Mem\u00f2ria Familiar a la Comunitat Art\u00edstica"},"content":{"rendered":"<p>Des de <a href=\"https:\/\/blocsenresidencia.bcn.cat\/conselldecent2026\/les-arrels-de-larxiu-sonor-de-la-memoria-familiar-a-la-comunitat-artistica\/\">teresa w \uff65*:\uff61.\uff61:*\uff65\u309c\uff9f\uff65* EN RESiD\u00c8NCiA a l\u2019Institut Consell de Cent (Barcelona)<\/a><\/p>\n<div>En l\u2019entrada anterior vam tenir el plaer de presentar l\u2019arxiu sonor del projecte, una composici\u00f3 constru\u00efda a partir d\u2019un recull emotiu de veus, pauses i testimonis que neixen d\u2019una selecci\u00f3 de frases, extretes dels textos elaborats despr\u00e9s d\u2019entrevistar les nostres fam\u00edlies. Aquest arxiu, resultat d\u2019un proc\u00e9s de recerca humana i de mem\u00f2ria hist\u00f2rica familiar, ha \u2026 <\/p>\n<p class=\"link-more\"><a href=\"https:\/\/blocsenresidencia.bcn.cat\/conselldecent2026\/les-arrels-de-larxiu-sonor-de-la-memoria-familiar-a-la-comunitat-artistica\/\" class=\"more-link\">Continua llegint <span class=\"screen-reader-text\">\u00abLes arrels de l\u2019arxiu sonor: De la Mem\u00f2ria Familiar a la Comunitat Art\u00edstica\u00bb<\/span><\/a><\/p>\n<\/div>\n","protected":false},"excerpt":{"rendered":"<p>Des de teresa w \uff65*:\uff61.\uff61:*\uff65\u309c\uff9f\uff65* EN RESiD\u00c8NCiA a l\u2019Institut Consell de Cent (Barcelona) En l\u2019entrada anterior vam tenir el plaer de presentar l\u2019arxiu sonor del projecte, una composici\u00f3 constru\u00efda a partir d\u2019un recull emotiu de veus, pauses i testimonis que neixen d\u2019una selecci\u00f3 de frases, extretes dels textos elaborats despr\u00e9s d\u2019entrevistar les nostres fam\u00edlies. Aquest &hellip; <\/p>\n<p class=\"link-more\"><a href=\"\/20252026\/les-arrels-de-larxiu-sonor-de-la-memoria-familiar-a-la-comunitat-artistica\/\" class=\"more-link\">Continua llegint <span class=\"screen-reader-text\">\u00abLes arrels de l\u2019arxiu sonor: De la Mem\u00f2ria Familiar a la Comunitat Art\u00edstica\u00bb<\/span><\/a><\/p>\n","protected":false},"author":4,"featured_media":0,"comment_status":"closed","ping_status":"closed","sticky":false,"template":"","format":"standard","meta":{"footnotes":""},"categories":[1],"tags":[],"class_list":["post-1743","post","type-post","status-publish","format-standard","hentry","category-general"],"_links":{"self":[{"href":"\/20252026\/wp-json\/wp\/v2\/posts\/1743","targetHints":{"allow":["GET"]}}],"collection":[{"href":"\/20252026\/wp-json\/wp\/v2\/posts"}],"about":[{"href":"\/20252026\/wp-json\/wp\/v2\/types\/post"}],"author":[{"embeddable":true,"href":"\/20252026\/wp-json\/wp\/v2\/users\/4"}],"replies":[{"embeddable":true,"href":"\/20252026\/wp-json\/wp\/v2\/comments?post=1743"}],"version-history":[{"count":0,"href":"\/20252026\/wp-json\/wp\/v2\/posts\/1743\/revisions"}],"wp:attachment":[{"href":"\/20252026\/wp-json\/wp\/v2\/media?parent=1743"}],"wp:term":[{"taxonomy":"category","embeddable":true,"href":"\/20252026\/wp-json\/wp\/v2\/categories?post=1743"},{"taxonomy":"post_tag","embeddable":true,"href":"\/20252026\/wp-json\/wp\/v2\/tags?post=1743"}],"curies":[{"name":"wp","href":"https:\/\/api.w.org\/{rel}","templated":true}]}}