{"id":1744,"date":"2026-06-11T12:39:19","date_gmt":"2026-06-11T10:39:19","guid":{"rendered":"\/20252026\/el-darrer-dia-de-lobra\/"},"modified":"2026-06-11T12:39:19","modified_gmt":"2026-06-11T10:39:19","slug":"el-darrer-dia-de-lobra","status":"publish","type":"post","link":"\/20252026\/el-darrer-dia-de-lobra\/","title":{"rendered":"El darrer dia de l\u2019obra"},"content":{"rendered":"<p>Des de <a href=\"https:\/\/blocsenresidencia.bcn.cat\/joseppla2026\/el-darrer-dia-de-lobra\/\">Pau Matas i C\u00e8lia Rovira EN RESiD\u00c8NCiA a l&#8217;Institut Josep Pla (Barcelona)<\/a><\/p>\n<div>L\u2019\u00faltim dia de preparaci\u00f3 i representaci\u00f3 de l\u2019obra va ser una experi\u00e8ncia molt especial. Abans de comen\u00e7ar, em vaig sentir una mica avergonyit, per\u00f2 no tenia angoixa ni por, nom\u00e9s aquella sensaci\u00f3 t\u00edpica de saber que aviat actuar\u00edem davant de molta gent. Al mat\u00ed vam anar al gimn\u00e0s del centre per recollir tot el material \u2026 <\/p>\n<p class=\"link-more\"><a href=\"https:\/\/blocsenresidencia.bcn.cat\/joseppla2026\/el-darrer-dia-de-lobra\/\" class=\"more-link\">Continua llegint <span class=\"screen-reader-text\">\u00abEl darrer dia de l\u2019obra\u00bb<\/span><\/a><\/p>\n<\/div>\n","protected":false},"excerpt":{"rendered":"<p>Des de Pau Matas i C\u00e8lia Rovira EN RESiD\u00c8NCiA a l&#8217;Institut Josep Pla (Barcelona) L\u2019\u00faltim dia de preparaci\u00f3 i representaci\u00f3 de l\u2019obra va ser una experi\u00e8ncia molt especial. Abans de comen\u00e7ar, em vaig sentir una mica avergonyit, per\u00f2 no tenia angoixa ni por, nom\u00e9s aquella sensaci\u00f3 t\u00edpica de saber que aviat actuar\u00edem davant de molta &hellip; <\/p>\n<p class=\"link-more\"><a href=\"\/20252026\/el-darrer-dia-de-lobra\/\" class=\"more-link\">Continua llegint <span class=\"screen-reader-text\">\u00abEl darrer dia de l\u2019obra\u00bb<\/span><\/a><\/p>\n","protected":false},"author":4,"featured_media":0,"comment_status":"closed","ping_status":"closed","sticky":false,"template":"","format":"standard","meta":{"footnotes":""},"categories":[1],"tags":[],"class_list":["post-1744","post","type-post","status-publish","format-standard","hentry","category-general"],"_links":{"self":[{"href":"\/20252026\/wp-json\/wp\/v2\/posts\/1744","targetHints":{"allow":["GET"]}}],"collection":[{"href":"\/20252026\/wp-json\/wp\/v2\/posts"}],"about":[{"href":"\/20252026\/wp-json\/wp\/v2\/types\/post"}],"author":[{"embeddable":true,"href":"\/20252026\/wp-json\/wp\/v2\/users\/4"}],"replies":[{"embeddable":true,"href":"\/20252026\/wp-json\/wp\/v2\/comments?post=1744"}],"version-history":[{"count":0,"href":"\/20252026\/wp-json\/wp\/v2\/posts\/1744\/revisions"}],"wp:attachment":[{"href":"\/20252026\/wp-json\/wp\/v2\/media?parent=1744"}],"wp:term":[{"taxonomy":"category","embeddable":true,"href":"\/20252026\/wp-json\/wp\/v2\/categories?post=1744"},{"taxonomy":"post_tag","embeddable":true,"href":"\/20252026\/wp-json\/wp\/v2\/tags?post=1744"}],"curies":[{"name":"wp","href":"https:\/\/api.w.org\/{rel}","templated":true}]}}