{"id":1745,"date":"2026-06-12T00:05:07","date_gmt":"2026-06-11T22:05:07","guid":{"rendered":"\/20252026\/preparant-els-protagonistes-de-lexposicio\/"},"modified":"2026-06-12T00:05:07","modified_gmt":"2026-06-11T22:05:07","slug":"preparant-els-protagonistes-de-lexposicio","status":"publish","type":"post","link":"\/20252026\/preparant-els-protagonistes-de-lexposicio\/","title":{"rendered":"Preparant els protagonistes de l\u2019exposici\u00f3"},"content":{"rendered":"<p>Des de <a href=\"https:\/\/blocsenresidencia.bcn.cat\/torrevicens2026\/preparant-els-protagonistes-de-lexposicio\/\">Marta Bisbal  EN RESiD\u00c8NCiA a l\u2019Institut Torre Vicens<\/a><\/p>\n<div>Aquests dies, l\u2019aula s\u2019ha omplert d\u2019una calma especial. Despr\u00e9s de mesos d\u2019experimentaci\u00f3, transformacions, proves i descobertes, ha arribat el moment de dedicar-nos a una tasca aparentment discreta, per\u00f2 fonamental: documentar i catalogar els objectes que formaran part de la nostra exposici\u00f3 al Museu Morera. Hem comen\u00e7at observant-los amb atenci\u00f3. Alguns encara conserven rastres del seu \u2026 <\/p>\n<p class=\"link-more\"><a href=\"https:\/\/blocsenresidencia.bcn.cat\/torrevicens2026\/preparant-els-protagonistes-de-lexposicio\/\" class=\"more-link\">Continua llegint <span class=\"screen-reader-text\">\u00abPreparant els protagonistes de l\u2019exposici\u00f3\u00bb<\/span><\/a><\/p>\n<\/div>\n","protected":false},"excerpt":{"rendered":"<p>Des de Marta Bisbal EN RESiD\u00c8NCiA a l\u2019Institut Torre Vicens Aquests dies, l\u2019aula s\u2019ha omplert d\u2019una calma especial. Despr\u00e9s de mesos d\u2019experimentaci\u00f3, transformacions, proves i descobertes, ha arribat el moment de dedicar-nos a una tasca aparentment discreta, per\u00f2 fonamental: documentar i catalogar els objectes que formaran part de la nostra exposici\u00f3 al Museu Morera. Hem &hellip; <\/p>\n<p class=\"link-more\"><a href=\"\/20252026\/preparant-els-protagonistes-de-lexposicio\/\" class=\"more-link\">Continua llegint <span class=\"screen-reader-text\">\u00abPreparant els protagonistes de l\u2019exposici\u00f3\u00bb<\/span><\/a><\/p>\n","protected":false},"author":4,"featured_media":0,"comment_status":"closed","ping_status":"closed","sticky":false,"template":"","format":"standard","meta":{"footnotes":""},"categories":[1],"tags":[],"class_list":["post-1745","post","type-post","status-publish","format-standard","hentry","category-general"],"_links":{"self":[{"href":"\/20252026\/wp-json\/wp\/v2\/posts\/1745","targetHints":{"allow":["GET"]}}],"collection":[{"href":"\/20252026\/wp-json\/wp\/v2\/posts"}],"about":[{"href":"\/20252026\/wp-json\/wp\/v2\/types\/post"}],"author":[{"embeddable":true,"href":"\/20252026\/wp-json\/wp\/v2\/users\/4"}],"replies":[{"embeddable":true,"href":"\/20252026\/wp-json\/wp\/v2\/comments?post=1745"}],"version-history":[{"count":0,"href":"\/20252026\/wp-json\/wp\/v2\/posts\/1745\/revisions"}],"wp:attachment":[{"href":"\/20252026\/wp-json\/wp\/v2\/media?parent=1745"}],"wp:term":[{"taxonomy":"category","embeddable":true,"href":"\/20252026\/wp-json\/wp\/v2\/categories?post=1745"},{"taxonomy":"post_tag","embeddable":true,"href":"\/20252026\/wp-json\/wp\/v2\/tags?post=1745"}],"curies":[{"name":"wp","href":"https:\/\/api.w.org\/{rel}","templated":true}]}}