{"id":1757,"date":"2026-06-29T12:28:13","date_gmt":"2026-06-29T10:28:13","guid":{"rendered":"\/20252026\/pensem-les-coses-que-vam-haver-de-tenir-en-compte-com-a-grup-a-lhora-de-crear-una-coreografia-en-grup\/"},"modified":"2026-06-29T12:28:13","modified_gmt":"2026-06-29T10:28:13","slug":"pensem-les-coses-que-vam-haver-de-tenir-en-compte-com-a-grup-a-lhora-de-crear-una-coreografia-en-grup","status":"publish","type":"post","link":"\/20252026\/pensem-les-coses-que-vam-haver-de-tenir-en-compte-com-a-grup-a-lhora-de-crear-una-coreografia-en-grup\/","title":{"rendered":"Pensem les coses que vam haver de tenir en compte com a grup a l\u2019hora de crear una coreografia en grup."},"content":{"rendered":"<p>Des de <a href=\"https:\/\/blocsenresidencia.bcn.cat\/moisesbroggi2026\/pensem-les-coses-que-vam-haver-de-tenir-en-compte-com-a-grup-a-lhora-de-crear-una-coreografia-en-grup\/\">Lu Chieregati EN RESiD\u00c8NCiA a l\u2019Institut Mois\u00e8s Broggi (Barcelona)<\/a><\/p>\n<div>Intentar no tenir vergonya. \u2013 S\u00ed, per\u00f2 com?\u00a0 \u2013 enfrontant-nos als errors, acceptant-los i sent-ne conscients. I despr\u00e9s, a partir d\u2019aqu\u00ed, treballar molt per evitar-los. Tenir clar qu\u00e8 vol\u00edem transmetre. Tenir en compte el temps que havia de durar la creaci\u00f3.\u00a0 I el temps que ten\u00edem per preparar-la. La planificaci\u00f3. Treballar de forma col\u00b7laborativa:\u00a0 deixar \u2026 <\/p>\n<p class=\"link-more\"><a href=\"https:\/\/blocsenresidencia.bcn.cat\/moisesbroggi2026\/pensem-les-coses-que-vam-haver-de-tenir-en-compte-com-a-grup-a-lhora-de-crear-una-coreografia-en-grup\/\" class=\"more-link\">Continua llegint <span class=\"screen-reader-text\">\u00abPensem les coses que vam haver de tenir en compte com a grup a l\u2019hora de crear una coreografia en grup.\u00bb<\/span><\/a><\/p>\n<\/div>\n","protected":false},"excerpt":{"rendered":"<p>Des de Lu Chieregati EN RESiD\u00c8NCiA a l\u2019Institut Mois\u00e8s Broggi (Barcelona) Intentar no tenir vergonya. \u2013 S\u00ed, per\u00f2 com?\u00a0 \u2013 enfrontant-nos als errors, acceptant-los i sent-ne conscients. I despr\u00e9s, a partir d\u2019aqu\u00ed, treballar molt per evitar-los. Tenir clar qu\u00e8 vol\u00edem transmetre. Tenir en compte el temps que havia de durar la creaci\u00f3.\u00a0 I el temps &hellip; <\/p>\n<p class=\"link-more\"><a href=\"\/20252026\/pensem-les-coses-que-vam-haver-de-tenir-en-compte-com-a-grup-a-lhora-de-crear-una-coreografia-en-grup\/\" class=\"more-link\">Continua llegint <span class=\"screen-reader-text\">\u00abPensem les coses que vam haver de tenir en compte com a grup a l\u2019hora de crear una coreografia en grup.\u00bb<\/span><\/a><\/p>\n","protected":false},"author":4,"featured_media":0,"comment_status":"closed","ping_status":"closed","sticky":false,"template":"","format":"standard","meta":{"footnotes":""},"categories":[1],"tags":[],"class_list":["post-1757","post","type-post","status-publish","format-standard","hentry","category-general"],"_links":{"self":[{"href":"\/20252026\/wp-json\/wp\/v2\/posts\/1757","targetHints":{"allow":["GET"]}}],"collection":[{"href":"\/20252026\/wp-json\/wp\/v2\/posts"}],"about":[{"href":"\/20252026\/wp-json\/wp\/v2\/types\/post"}],"author":[{"embeddable":true,"href":"\/20252026\/wp-json\/wp\/v2\/users\/4"}],"replies":[{"embeddable":true,"href":"\/20252026\/wp-json\/wp\/v2\/comments?post=1757"}],"version-history":[{"count":0,"href":"\/20252026\/wp-json\/wp\/v2\/posts\/1757\/revisions"}],"wp:attachment":[{"href":"\/20252026\/wp-json\/wp\/v2\/media?parent=1757"}],"wp:term":[{"taxonomy":"category","embeddable":true,"href":"\/20252026\/wp-json\/wp\/v2\/categories?post=1757"},{"taxonomy":"post_tag","embeddable":true,"href":"\/20252026\/wp-json\/wp\/v2\/tags?post=1757"}],"curies":[{"name":"wp","href":"https:\/\/api.w.org\/{rel}","templated":true}]}}