{"id":1764,"date":"2026-06-30T12:41:53","date_gmt":"2026-06-30T10:41:53","guid":{"rendered":"\/20252026\/seguim-construint-fins-on-tarriba-la-mirada\/"},"modified":"2026-06-30T12:41:53","modified_gmt":"2026-06-30T10:41:53","slug":"seguim-construint-fins-on-tarriba-la-mirada","status":"publish","type":"post","link":"\/20252026\/seguim-construint-fins-on-tarriba-la-mirada\/","title":{"rendered":"Seguim construint fins on t\u2019arriba la mirada"},"content":{"rendered":"<p>Des de <a href=\"https:\/\/blocsenresidencia.bcn.cat\/vazquezmontalban2026\/seguim-construint-fins-on-tarriba-la-mirada\/\">Aleix Faur\u00f3 i Sierra (La Virgueria) EN RESiD\u00c8NCiA a l\u2019Institut Manuel V\u00e1zquez Montalb\u00e1n (Sant Adri\u00e0 de Bes\u00f2s)<\/a><\/p>\n<div>Seguir construint fins on t\u2019arriba la mirada. Aquest ha estat molt m\u00e9s que un projecte; ha estat un cam\u00ed compartit, ple d\u2019il\u00b7lusi\u00f3, aprenentatges i moments que quedaran per sempre en el record. Des de les nostres primeres sortides, quan tot just comen\u00e7\u00e0vem a imaginar el que podr\u00edem arribar a fer junts, fins a la sortida \u2026 <\/p>\n<p class=\"link-more\"><a href=\"https:\/\/blocsenresidencia.bcn.cat\/vazquezmontalban2026\/seguim-construint-fins-on-tarriba-la-mirada\/\" class=\"more-link\">Continua llegint <span class=\"screen-reader-text\">\u00abSeguim construint fins on t\u2019arriba la mirada\u00bb<\/span><\/a><\/p>\n<\/div>\n","protected":false},"excerpt":{"rendered":"<p>Des de Aleix Faur\u00f3 i Sierra (La Virgueria) EN RESiD\u00c8NCiA a l\u2019Institut Manuel V\u00e1zquez Montalb\u00e1n (Sant Adri\u00e0 de Bes\u00f2s) Seguir construint fins on t\u2019arriba la mirada. Aquest ha estat molt m\u00e9s que un projecte; ha estat un cam\u00ed compartit, ple d\u2019il\u00b7lusi\u00f3, aprenentatges i moments que quedaran per sempre en el record. Des de les nostres &hellip; <\/p>\n<p class=\"link-more\"><a href=\"\/20252026\/seguim-construint-fins-on-tarriba-la-mirada\/\" class=\"more-link\">Continua llegint <span class=\"screen-reader-text\">\u00abSeguim construint fins on t\u2019arriba la mirada\u00bb<\/span><\/a><\/p>\n","protected":false},"author":4,"featured_media":0,"comment_status":"closed","ping_status":"closed","sticky":false,"template":"","format":"standard","meta":{"footnotes":""},"categories":[1],"tags":[],"class_list":["post-1764","post","type-post","status-publish","format-standard","hentry","category-general"],"_links":{"self":[{"href":"\/20252026\/wp-json\/wp\/v2\/posts\/1764","targetHints":{"allow":["GET"]}}],"collection":[{"href":"\/20252026\/wp-json\/wp\/v2\/posts"}],"about":[{"href":"\/20252026\/wp-json\/wp\/v2\/types\/post"}],"author":[{"embeddable":true,"href":"\/20252026\/wp-json\/wp\/v2\/users\/4"}],"replies":[{"embeddable":true,"href":"\/20252026\/wp-json\/wp\/v2\/comments?post=1764"}],"version-history":[{"count":0,"href":"\/20252026\/wp-json\/wp\/v2\/posts\/1764\/revisions"}],"wp:attachment":[{"href":"\/20252026\/wp-json\/wp\/v2\/media?parent=1764"}],"wp:term":[{"taxonomy":"category","embeddable":true,"href":"\/20252026\/wp-json\/wp\/v2\/categories?post=1764"},{"taxonomy":"post_tag","embeddable":true,"href":"\/20252026\/wp-json\/wp\/v2\/tags?post=1764"}],"curies":[{"name":"wp","href":"https:\/\/api.w.org\/{rel}","templated":true}]}}