{"id":1765,"date":"2026-06-30T12:41:53","date_gmt":"2026-06-30T10:41:53","guid":{"rendered":"\/20252026\/presentem-a-la-sala-beckett\/"},"modified":"2026-06-30T12:41:53","modified_gmt":"2026-06-30T10:41:53","slug":"presentem-a-la-sala-beckett","status":"publish","type":"post","link":"\/20252026\/presentem-a-la-sala-beckett\/","title":{"rendered":"Presentem a la Sala Beckett"},"content":{"rendered":"<p>Des de <a href=\"https:\/\/blocsenresidencia.bcn.cat\/vazquezmontalban2026\/presentem-a-la-sala-beckett\/\">Aleix Faur\u00f3 i Sierra (La Virgueria) EN RESiD\u00c8NCiA a l\u2019Institut Manuel V\u00e1zquez Montalb\u00e1n (Sant Adri\u00e0 de Bes\u00f2s)<\/a><\/p>\n<div>El 27 de maig, dia de reivindicacions del col\u00b7lectiu d\u2019educaci\u00f3, hem presentat a la Sala Beckett Fins on t\u2019arribi la mirada, envoltats de les persones que m\u00e9s estimen els nostres joves. Compartir aquest moment amb les seves fam\u00edlies, amistats i totes aquelles persones que els han acompanyat en el cam\u00ed ha fet que aquesta estrena \u2026 <\/p>\n<p class=\"link-more\"><a href=\"https:\/\/blocsenresidencia.bcn.cat\/vazquezmontalban2026\/presentem-a-la-sala-beckett\/\" class=\"more-link\">Continua llegint <span class=\"screen-reader-text\">\u00abPresentem a la Sala Beckett\u00bb<\/span><\/a><\/p>\n<\/div>\n","protected":false},"excerpt":{"rendered":"<p>Des de Aleix Faur\u00f3 i Sierra (La Virgueria) EN RESiD\u00c8NCiA a l\u2019Institut Manuel V\u00e1zquez Montalb\u00e1n (Sant Adri\u00e0 de Bes\u00f2s) El 27 de maig, dia de reivindicacions del col\u00b7lectiu d\u2019educaci\u00f3, hem presentat a la Sala Beckett Fins on t\u2019arribi la mirada, envoltats de les persones que m\u00e9s estimen els nostres joves. Compartir aquest moment amb les &hellip; <\/p>\n<p class=\"link-more\"><a href=\"\/20252026\/presentem-a-la-sala-beckett\/\" class=\"more-link\">Continua llegint <span class=\"screen-reader-text\">\u00abPresentem a la Sala Beckett\u00bb<\/span><\/a><\/p>\n","protected":false},"author":4,"featured_media":0,"comment_status":"closed","ping_status":"closed","sticky":false,"template":"","format":"standard","meta":{"footnotes":""},"categories":[1],"tags":[],"class_list":["post-1765","post","type-post","status-publish","format-standard","hentry","category-general"],"_links":{"self":[{"href":"\/20252026\/wp-json\/wp\/v2\/posts\/1765","targetHints":{"allow":["GET"]}}],"collection":[{"href":"\/20252026\/wp-json\/wp\/v2\/posts"}],"about":[{"href":"\/20252026\/wp-json\/wp\/v2\/types\/post"}],"author":[{"embeddable":true,"href":"\/20252026\/wp-json\/wp\/v2\/users\/4"}],"replies":[{"embeddable":true,"href":"\/20252026\/wp-json\/wp\/v2\/comments?post=1765"}],"version-history":[{"count":0,"href":"\/20252026\/wp-json\/wp\/v2\/posts\/1765\/revisions"}],"wp:attachment":[{"href":"\/20252026\/wp-json\/wp\/v2\/media?parent=1765"}],"wp:term":[{"taxonomy":"category","embeddable":true,"href":"\/20252026\/wp-json\/wp\/v2\/categories?post=1765"},{"taxonomy":"post_tag","embeddable":true,"href":"\/20252026\/wp-json\/wp\/v2\/tags?post=1765"}],"curies":[{"name":"wp","href":"https:\/\/api.w.org\/{rel}","templated":true}]}}