{"id":374,"date":"2024-10-14T12:21:35","date_gmt":"2024-10-14T10:21:35","guid":{"rendered":"\/alzina2025\/?p=374"},"modified":"2024-10-14T12:21:35","modified_gmt":"2024-10-14T10:21:35","slug":"primeres-setmanes-primeres-impressions","status":"publish","type":"post","link":"\/alzina2025\/primeres-setmanes-primeres-impressions\/","title":{"rendered":"Primeres setmanes, primeres impressions"},"content":{"rendered":"\n<p class=\"wp-block-paragraph\">Ja portem unes quantes setmanes a Creadors En Resid\u00e8ncia i s\u00f3n moles les coses que han passat. Hem ballat, rigut, escrit , saltat, debatut&#8230;<\/p>\n\n\n\n<p class=\"wp-block-paragraph\">A la primera sessi\u00f3 de Creadors En Resid\u00e8ncia, va vindre l&#8217;Alicia del Teatre LLiure i, junt amb els profes, ens va presentar el que treballarem durant tot el curs.  Tamb\u00e9 ens van explicar el que comportava estar all\u00e0, el comprom\u00eds amb nosaltres i als altres i de l&#8217;espai que entre totes generarem.<\/p>\n\n\n\n<figure class=\"wp-block-image size-large\"><img loading=\"lazy\" decoding=\"async\" width=\"1024\" height=\"461\" src=\"\/alzina2025\/wp-content\/uploads\/2024\/10\/IMG_20240912_094410867_HDR-1024x461.jpg\" alt=\"\" class=\"wp-image-379\" srcset=\"\/alzina2025\/wp-content\/uploads\/2024\/10\/IMG_20240912_094410867_HDR-1024x461.jpg 1024w, \/alzina2025\/wp-content\/uploads\/2024\/10\/IMG_20240912_094410867_HDR-300x135.jpg 300w, \/alzina2025\/wp-content\/uploads\/2024\/10\/IMG_20240912_094410867_HDR-768x345.jpg 768w, \/alzina2025\/wp-content\/uploads\/2024\/10\/IMG_20240912_094410867_HDR-1536x691.jpg 1536w, \/alzina2025\/wp-content\/uploads\/2024\/10\/IMG_20240912_094410867_HDR-2048x921.jpg 2048w\" sizes=\"auto, (max-width: 767px) 89vw, (max-width: 1000px) 54vw, (max-width: 1071px) 543px, 580px\" \/><\/figure>\n\n\n\n<p class=\"wp-block-paragraph\">Vam respondre en uns <em>post-it <\/em>a perqu\u00e8 vam escollir aquesta mat\u00e8ria, que esper\u00e0vem sobre aquesta i qu\u00e8 \u00e9s el teatre contemporani. D&#8217;alguna manera ja ens est\u00e0vem presentant, entre nosaltres i a l&#8217;artista, que encara no coneix\u00edem, i en ten\u00edem ganes.<\/p>\n\n\n\n<figure class=\"wp-block-gallery has-nested-images columns-default is-cropped wp-block-gallery-1 is-layout-flex wp-block-gallery-is-layout-flex\">\n<figure class=\"wp-block-image size-large\"><img loading=\"lazy\" decoding=\"async\" width=\"1024\" height=\"461\" data-id=\"377\" src=\"\/alzina2025\/wp-content\/uploads\/2024\/10\/IMG_20240912_095817739_HDR-2-1024x461.jpg\" alt=\"\" class=\"wp-image-377\" srcset=\"\/alzina2025\/wp-content\/uploads\/2024\/10\/IMG_20240912_095817739_HDR-2-1024x461.jpg 1024w, \/alzina2025\/wp-content\/uploads\/2024\/10\/IMG_20240912_095817739_HDR-2-300x135.jpg 300w, \/alzina2025\/wp-content\/uploads\/2024\/10\/IMG_20240912_095817739_HDR-2-768x345.jpg 768w, \/alzina2025\/wp-content\/uploads\/2024\/10\/IMG_20240912_095817739_HDR-2-1536x691.jpg 1536w, \/alzina2025\/wp-content\/uploads\/2024\/10\/IMG_20240912_095817739_HDR-2-2048x921.jpg 2048w\" sizes=\"auto, (max-width: 767px) 89vw, (max-width: 1000px) 54vw, (max-width: 1071px) 543px, 580px\" \/><\/figure>\n\n\n\n<figure class=\"wp-block-image size-large\"><img loading=\"lazy\" decoding=\"async\" width=\"1024\" height=\"461\" data-id=\"378\" src=\"\/alzina2025\/wp-content\/uploads\/2024\/10\/IMG_20240912_100324681_HDR-1024x461.jpg\" alt=\"\" class=\"wp-image-378\" srcset=\"\/alzina2025\/wp-content\/uploads\/2024\/10\/IMG_20240912_100324681_HDR-1024x461.jpg 1024w, \/alzina2025\/wp-content\/uploads\/2024\/10\/IMG_20240912_100324681_HDR-300x135.jpg 300w, \/alzina2025\/wp-content\/uploads\/2024\/10\/IMG_20240912_100324681_HDR-768x345.jpg 768w, \/alzina2025\/wp-content\/uploads\/2024\/10\/IMG_20240912_100324681_HDR-1536x691.jpg 1536w, \/alzina2025\/wp-content\/uploads\/2024\/10\/IMG_20240912_100324681_HDR-2048x921.jpg 2048w\" sizes=\"auto, (max-width: 767px) 89vw, (max-width: 1000px) 54vw, (max-width: 1071px) 543px, 580px\" \/><\/figure>\n<\/figure>\n\n\n\n<p class=\"wp-block-paragraph\">El segon dia vam anar per primer cop al Centre C\u00edvic El Congr\u00e9s-Indians, al costat de l&#8217;institut , i vam con\u00e8ixer  a l&#8217;artista d&#8217;aquest curs: la <strong>Carla Torres<\/strong>. Vam fer una din\u00e0mica on ella deia un n\u00famero i tots f\u00e8iem una acci\u00f3 a la vegada. Despr\u00e9s van posar parelles a l&#8217;atzar i hav\u00edem de parlar i en acabat un presentava a l&#8217;altre i al rev\u00e9s a la resta.<\/p>\n\n\n\n<figure class=\"wp-block-image size-large\"><img loading=\"lazy\" decoding=\"async\" width=\"1024\" height=\"461\" src=\"\/alzina2025\/wp-content\/uploads\/2024\/10\/IMG_20240916_113740205_HDR-2-1024x461.jpg\" alt=\"\" class=\"wp-image-412\" srcset=\"\/alzina2025\/wp-content\/uploads\/2024\/10\/IMG_20240916_113740205_HDR-2-1024x461.jpg 1024w, \/alzina2025\/wp-content\/uploads\/2024\/10\/IMG_20240916_113740205_HDR-2-300x135.jpg 300w, \/alzina2025\/wp-content\/uploads\/2024\/10\/IMG_20240916_113740205_HDR-2-768x345.jpg 768w, \/alzina2025\/wp-content\/uploads\/2024\/10\/IMG_20240916_113740205_HDR-2-1536x691.jpg 1536w, \/alzina2025\/wp-content\/uploads\/2024\/10\/IMG_20240916_113740205_HDR-2-2048x921.jpg 2048w\" sizes=\"auto, (max-width: 767px) 89vw, (max-width: 1000px) 54vw, (max-width: 1071px) 543px, 580px\" \/><\/figure>\n\n\n\n<p class=\"wp-block-paragraph\">Despr\u00e9s ens van posar per grups i hav\u00edem d&#8217;escollir \u00ab<em>Somnis i Merdes<\/em>\u00bb de la nostra vida, o de la societat o una mica de cada.<\/p>\n\n\n\n<figure class=\"wp-block-image size-large\"><img loading=\"lazy\" decoding=\"async\" width=\"1024\" height=\"461\" src=\"\/alzina2025\/wp-content\/uploads\/2024\/10\/IMG_20240916_130936525_HDR-1024x461.jpg\" alt=\"\" class=\"wp-image-382\" srcset=\"\/alzina2025\/wp-content\/uploads\/2024\/10\/IMG_20240916_130936525_HDR-1024x461.jpg 1024w, \/alzina2025\/wp-content\/uploads\/2024\/10\/IMG_20240916_130936525_HDR-300x135.jpg 300w, \/alzina2025\/wp-content\/uploads\/2024\/10\/IMG_20240916_130936525_HDR-768x345.jpg 768w, \/alzina2025\/wp-content\/uploads\/2024\/10\/IMG_20240916_130936525_HDR-1536x691.jpg 1536w, \/alzina2025\/wp-content\/uploads\/2024\/10\/IMG_20240916_130936525_HDR-2048x921.jpg 2048w\" sizes=\"auto, (max-width: 767px) 89vw, (max-width: 1000px) 54vw, (max-width: 1071px) 543px, 580px\" \/><\/figure>\n\n\n\n<figure class=\"wp-block-image size-large\"><img loading=\"lazy\" decoding=\"async\" width=\"1024\" height=\"461\" src=\"\/alzina2025\/wp-content\/uploads\/2024\/10\/IMG_20240916_130702119_HDR-1024x461.jpg\" alt=\"\" class=\"wp-image-386\" srcset=\"\/alzina2025\/wp-content\/uploads\/2024\/10\/IMG_20240916_130702119_HDR-1024x461.jpg 1024w, \/alzina2025\/wp-content\/uploads\/2024\/10\/IMG_20240916_130702119_HDR-300x135.jpg 300w, \/alzina2025\/wp-content\/uploads\/2024\/10\/IMG_20240916_130702119_HDR-768x345.jpg 768w, \/alzina2025\/wp-content\/uploads\/2024\/10\/IMG_20240916_130702119_HDR-1536x691.jpg 1536w, \/alzina2025\/wp-content\/uploads\/2024\/10\/IMG_20240916_130702119_HDR-2048x921.jpg 2048w\" sizes=\"auto, (max-width: 767px) 89vw, (max-width: 1000px) 54vw, (max-width: 1071px) 543px, 580px\" \/><figcaption class=\"wp-element-caption\">Les merdes i els somnis s\u00f3n ben diferents per cada una de nosaltres<\/figcaption><\/figure>\n\n\n\n<p class=\"wp-block-paragraph\">La propera sessi\u00f3 la vam dedicar a classificar i filtrar els nostres <em>Somnis i Merdes<\/em> que vam triar la sessi\u00f3 anterior. Hav\u00edem d&#8217;escollir cinc somnis i cinc merdes que pens\u00e9ssim que eren els m\u00e9s importants per a nosaltres, tamb\u00e9 la ra\u00f3 per la qual els vam triar. I les v\u00e0rem comentar en una altre sessi\u00f3 amb la Carla. Aix\u00f2 ens va portar a parlar sobre coses que ens semblaven injustes i sobre l&#8217;institut, els horaris, els treballs en grup&#8230; i altres temes molt m\u00e9s personals.<\/p>\n\n\n\n<figure class=\"wp-block-image size-large\"><img loading=\"lazy\" decoding=\"async\" width=\"1024\" height=\"461\" src=\"\/alzina2025\/wp-content\/uploads\/2024\/10\/IMG_20240923_122134411_HDR-1024x461.jpg\" alt=\"\" class=\"wp-image-390\" srcset=\"\/alzina2025\/wp-content\/uploads\/2024\/10\/IMG_20240923_122134411_HDR-1024x461.jpg 1024w, \/alzina2025\/wp-content\/uploads\/2024\/10\/IMG_20240923_122134411_HDR-300x135.jpg 300w, \/alzina2025\/wp-content\/uploads\/2024\/10\/IMG_20240923_122134411_HDR-768x346.jpg 768w, \/alzina2025\/wp-content\/uploads\/2024\/10\/IMG_20240923_122134411_HDR-1536x691.jpg 1536w, \/alzina2025\/wp-content\/uploads\/2024\/10\/IMG_20240923_122134411_HDR-2048x922.jpg 2048w\" sizes=\"auto, (max-width: 767px) 89vw, (max-width: 1000px) 54vw, (max-width: 1071px) 543px, 580px\" \/><\/figure>\n\n\n\n<p class=\"wp-block-paragraph\">\u00a0En altres sessions, o entre mig d&#8217;aquestes, hem fet  activitats ben diferents, no nom\u00e9s escrivim i discutim. Hi ha hagut activitats on la Carla ens va proposar que tots hav\u00edem de c\u00f3rrer al centre el m\u00e9s r\u00e0pid possible, i despr\u00e9s apartar-se igual de r\u00e0pid; llavors ens vam adonar que vam crear un ritme per facilitar-nos la vida, i que aix\u00f2 era la representaci\u00f3 de les normes de la societat.<\/p>\n\n\n\n<figure class=\"wp-block-video\"><video height=\"864\" style=\"aspect-ratio: 1920 \/ 864;\" width=\"1920\" controls src=\"\/alzina2025\/wp-content\/uploads\/2024\/10\/VID_20240923_114417778.mp4\"><\/video><\/figure>\n\n\n\n<p class=\"wp-block-paragraph\">Ja portem unes quantes sessions parlant de les merdes i els somnis, de les injust\u00edcies o del que es per a nosaltres \u00e9s la felicitat. <\/p>\n\n\n\n<figure class=\"wp-block-image size-large\"><img loading=\"lazy\" decoding=\"async\" width=\"1024\" height=\"576\" src=\"\/alzina2025\/wp-content\/uploads\/2024\/10\/20240930_115032-1024x576.jpg\" alt=\"\" class=\"wp-image-394\" srcset=\"\/alzina2025\/wp-content\/uploads\/2024\/10\/20240930_115032-1024x576.jpg 1024w, \/alzina2025\/wp-content\/uploads\/2024\/10\/20240930_115032-300x169.jpg 300w, \/alzina2025\/wp-content\/uploads\/2024\/10\/20240930_115032-768x432.jpg 768w, \/alzina2025\/wp-content\/uploads\/2024\/10\/20240930_115032-1536x864.jpg 1536w, \/alzina2025\/wp-content\/uploads\/2024\/10\/20240930_115032-2048x1152.jpg 2048w\" sizes=\"auto, (max-width: 767px) 89vw, (max-width: 1000px) 54vw, (max-width: 1071px) 543px, 580px\" \/><\/figure>\n\n\n\n<p class=\"wp-block-paragraph\">Amb tot plegat votarem qu\u00e8 \u00e9s el que trobem m\u00e9s interessant i a partir d&#8217;all\u00e0 ja veurem cap a on anem.<\/p>\n\n\n\n<figure class=\"wp-block-video\"><video height=\"1080\" style=\"aspect-ratio: 1920 \/ 1080;\" width=\"1920\" controls src=\"\/alzina2025\/wp-content\/uploads\/2024\/10\/VID_20241014_115035.mp4\"><\/video><\/figure>\n\n\n\n<p class=\"wp-block-paragraph\">Per\u00f2 aix\u00f2 ara, cap a on anem, no \u00e9s el que realment importa. El que importa \u00e9s que hi anem plegats i, de moment, \u00e9s divertit.<\/p>\n\n\n\n<p class=\"wp-block-paragraph\"><\/p>\n\n\n\n<p class=\"wp-block-paragraph\"><\/p>\n","protected":false},"excerpt":{"rendered":"<p>Ja portem unes quantes setmanes a Creadors En Resid\u00e8ncia i s\u00f3n moles les coses que han passat. Hem ballat, rigut, escrit , saltat, debatut&#8230; A la primera sessi\u00f3 de Creadors En Resid\u00e8ncia, va vindre l&#8217;Alicia del Teatre LLiure i, junt amb els profes, ens va presentar el que treballarem durant tot el curs. Tamb\u00e9 ens &hellip; <\/p>\n<p class=\"link-more\"><a href=\"\/alzina2025\/primeres-setmanes-primeres-impressions\/\" class=\"more-link\">Continua llegint <span class=\"screen-reader-text\">\u00abPrimeres setmanes, primeres impressions\u00bb<\/span><\/a><\/p>\n","protected":false},"author":15,"featured_media":0,"comment_status":"open","ping_status":"open","sticky":false,"template":"","format":"standard","meta":{"footnotes":""},"categories":[1],"tags":[],"class_list":["post-374","post","type-post","status-publish","format-standard","hentry","category-general"],"_links":{"self":[{"href":"\/alzina2025\/wp-json\/wp\/v2\/posts\/374","targetHints":{"allow":["GET"]}}],"collection":[{"href":"\/alzina2025\/wp-json\/wp\/v2\/posts"}],"about":[{"href":"\/alzina2025\/wp-json\/wp\/v2\/types\/post"}],"author":[{"embeddable":true,"href":"\/alzina2025\/wp-json\/wp\/v2\/users\/15"}],"replies":[{"embeddable":true,"href":"\/alzina2025\/wp-json\/wp\/v2\/comments?post=374"}],"version-history":[{"count":1,"href":"\/alzina2025\/wp-json\/wp\/v2\/posts\/374\/revisions"}],"predecessor-version":[{"id":414,"href":"\/alzina2025\/wp-json\/wp\/v2\/posts\/374\/revisions\/414"}],"wp:attachment":[{"href":"\/alzina2025\/wp-json\/wp\/v2\/media?parent=374"}],"wp:term":[{"taxonomy":"category","embeddable":true,"href":"\/alzina2025\/wp-json\/wp\/v2\/categories?post=374"},{"taxonomy":"post_tag","embeddable":true,"href":"\/alzina2025\/wp-json\/wp\/v2\/tags?post=374"}],"curies":[{"name":"wp","href":"https:\/\/api.w.org\/{rel}","templated":true}]}}