{"id":420,"date":"2024-11-28T11:05:29","date_gmt":"2024-11-28T09:05:29","guid":{"rendered":"\/alzina2025\/?p=420"},"modified":"2024-11-28T11:05:29","modified_gmt":"2024-11-28T09:05:29","slug":"caramel","status":"publish","type":"post","link":"\/alzina2025\/caramel\/","title":{"rendered":"CARAMEL"},"content":{"rendered":"\n<p class=\"wp-block-paragraph\">El 5 de novembre vam anar al Teatre Lliure de Gr\u00e0cia a veure l&#8217;obra <em>Caramel<\/em>, era la preestrena. L&#8217;espectacle tracta el tema de les addiccions; m\u00e9s concretament les drogues; feia servir moltes maneres d&#8217;entendre el teatre: expressi\u00f3 amb el cos, coreografies, tamb\u00e9 un joc de llums i sons que refor\u00e7aven aquestes paraules i gestos, m\u00fasiques&#8230; tot plegat explica la hist\u00f2ria de diversos personatges.<\/p>\n\n\n\n<p class=\"wp-block-paragraph\">\u00c9s una obra que ens va fer reflexionar, que encara que hi hagi situacions que no h\u00e0gim viscut de prop, per sort, per\u00f2 que som conscients de existeix aquesta problem\u00e0tica social. Tanmateix pod\u00edem identificar-nos en com se sentien els personatges, ens v\u00e0rem veure reflectits en algunes actituds o situacions.<\/p>\n\n\n\n<figure class=\"wp-block-image size-large\"><img loading=\"lazy\" decoding=\"async\" width=\"768\" height=\"1024\" src=\"\/alzina2025\/wp-content\/uploads\/2024\/11\/Foto-de-Xavier-Calvo-768x1024.jpg\" alt=\"\" class=\"wp-image-421\" srcset=\"\/alzina2025\/wp-content\/uploads\/2024\/11\/Foto-de-Xavier-Calvo-768x1024.jpg 768w, \/alzina2025\/wp-content\/uploads\/2024\/11\/Foto-de-Xavier-Calvo-225x300.jpg 225w, \/alzina2025\/wp-content\/uploads\/2024\/11\/Foto-de-Xavier-Calvo-1152x1536.jpg 1152w, \/alzina2025\/wp-content\/uploads\/2024\/11\/Foto-de-Xavier-Calvo.jpg 1200w\" sizes=\"auto, (max-width: 767px) 89vw, (max-width: 1000px) 54vw, (max-width: 1071px) 543px, 580px\" \/><\/figure>\n\n\n\n<p class=\"wp-block-paragraph\">Ben segur que ens servir\u00e0 per preparar el producte que acabarem fent amb l&#8217;artista Carla Torres. Caramel la guardarem al nostre \u00abarxiu mental-emocional\u00bb.<br><\/p>\n\n\n\n<p class=\"wp-block-paragraph\"><\/p>\n","protected":false},"excerpt":{"rendered":"<p>El 5 de novembre vam anar al Teatre Lliure de Gr\u00e0cia a veure l&#8217;obra Caramel, era la preestrena. L&#8217;espectacle tracta el tema de les addiccions; m\u00e9s concretament les drogues; feia servir moltes maneres d&#8217;entendre el teatre: expressi\u00f3 amb el cos, coreografies, tamb\u00e9 un joc de llums i sons que refor\u00e7aven aquestes paraules i gestos, m\u00fasiques&#8230; &hellip; <\/p>\n<p class=\"link-more\"><a href=\"\/alzina2025\/caramel\/\" class=\"more-link\">Continua llegint <span class=\"screen-reader-text\">\u00abCARAMEL\u00bb<\/span><\/a><\/p>\n","protected":false},"author":15,"featured_media":0,"comment_status":"open","ping_status":"open","sticky":false,"template":"","format":"standard","meta":{"footnotes":""},"categories":[1],"tags":[],"class_list":["post-420","post","type-post","status-publish","format-standard","hentry","category-general"],"_links":{"self":[{"href":"\/alzina2025\/wp-json\/wp\/v2\/posts\/420","targetHints":{"allow":["GET"]}}],"collection":[{"href":"\/alzina2025\/wp-json\/wp\/v2\/posts"}],"about":[{"href":"\/alzina2025\/wp-json\/wp\/v2\/types\/post"}],"author":[{"embeddable":true,"href":"\/alzina2025\/wp-json\/wp\/v2\/users\/15"}],"replies":[{"embeddable":true,"href":"\/alzina2025\/wp-json\/wp\/v2\/comments?post=420"}],"version-history":[{"count":1,"href":"\/alzina2025\/wp-json\/wp\/v2\/posts\/420\/revisions"}],"predecessor-version":[{"id":422,"href":"\/alzina2025\/wp-json\/wp\/v2\/posts\/420\/revisions\/422"}],"wp:attachment":[{"href":"\/alzina2025\/wp-json\/wp\/v2\/media?parent=420"}],"wp:term":[{"taxonomy":"category","embeddable":true,"href":"\/alzina2025\/wp-json\/wp\/v2\/categories?post=420"},{"taxonomy":"post_tag","embeddable":true,"href":"\/alzina2025\/wp-json\/wp\/v2\/tags?post=420"}],"curies":[{"name":"wp","href":"https:\/\/api.w.org\/{rel}","templated":true}]}}