{"id":424,"date":"2024-12-12T11:53:17","date_gmt":"2024-12-12T09:53:17","guid":{"rendered":"\/alzina2025\/?p=424"},"modified":"2024-12-12T11:55:52","modified_gmt":"2024-12-12T09:55:52","slug":"que-fem-amb-la-carla","status":"publish","type":"post","link":"\/alzina2025\/que-fem-amb-la-carla\/","title":{"rendered":"Feina introspectiva"},"content":{"rendered":"\n<p class=\"wp-block-paragraph\">Aquestes \u00faltimes setmanes hem estat treballant amb la Carla una feina d\u2019introspecci\u00f3. La primera tasca que hem fet, ha sigut un document en el qual hav\u00edem de pensar un esdeveniment important de cada any de la nostra vida. Despr\u00e9s, ens vam posar en parelles, i vam calcar la nostra silueta en un paper molt gran. <\/p>\n\n\n\n<figure class=\"wp-block-image size-large\"><img loading=\"lazy\" decoding=\"async\" width=\"1024\" height=\"462\" src=\"\/alzina2025\/wp-content\/uploads\/2024\/12\/IMG_20241111_114341-1-1024x462.jpg\" alt=\"\" class=\"wp-image-434\" srcset=\"\/alzina2025\/wp-content\/uploads\/2024\/12\/IMG_20241111_114341-1-1024x462.jpg 1024w, \/alzina2025\/wp-content\/uploads\/2024\/12\/IMG_20241111_114341-1-300x135.jpg 300w, \/alzina2025\/wp-content\/uploads\/2024\/12\/IMG_20241111_114341-1-768x346.jpg 768w, \/alzina2025\/wp-content\/uploads\/2024\/12\/IMG_20241111_114341-1-1536x693.jpg 1536w, \/alzina2025\/wp-content\/uploads\/2024\/12\/IMG_20241111_114341-1-2048x924.jpg 2048w\" sizes=\"auto, (max-width: 767px) 89vw, (max-width: 1000px) 54vw, (max-width: 1071px) 543px, 580px\" \/><\/figure>\n\n\n\n<p class=\"wp-block-paragraph\">Quan vam tenir la silueta del nostre cos (Mapa Autobiogr\u00e0fic) vam dedicar un parell de sessions a dibuixar a la nostra silueta els esdeveniments que hav\u00edem pensat de cada any. <\/p>\n\n\n\n<figure class=\"wp-block-image size-large\"><img loading=\"lazy\" decoding=\"async\" width=\"1024\" height=\"461\" src=\"\/alzina2025\/wp-content\/uploads\/2024\/12\/IMG_20241111_125545587_HDR-1024x461.jpg\" alt=\"\" class=\"wp-image-429\" srcset=\"\/alzina2025\/wp-content\/uploads\/2024\/12\/IMG_20241111_125545587_HDR-1024x461.jpg 1024w, \/alzina2025\/wp-content\/uploads\/2024\/12\/IMG_20241111_125545587_HDR-300x135.jpg 300w, \/alzina2025\/wp-content\/uploads\/2024\/12\/IMG_20241111_125545587_HDR-768x346.jpg 768w, \/alzina2025\/wp-content\/uploads\/2024\/12\/IMG_20241111_125545587_HDR-1536x691.jpg 1536w, \/alzina2025\/wp-content\/uploads\/2024\/12\/IMG_20241111_125545587_HDR-2048x922.jpg 2048w\" sizes=\"auto, (max-width: 767px) 89vw, (max-width: 1000px) 54vw, (max-width: 1071px) 543px, 580px\" \/><\/figure>\n\n\n\n<p class=\"wp-block-paragraph\">De cada una de les fites vam pensar un dibuix que les representes en alguna part del cos, segons la import\u00e0ncia que li donesim: al cap, al cor, a la panxa, al peu.<\/p>\n\n\n\n<figure class=\"wp-block-image size-large\"><img loading=\"lazy\" decoding=\"async\" width=\"1024\" height=\"462\" src=\"\/alzina2025\/wp-content\/uploads\/2024\/12\/IMG_20241111_122732-2-1024x462.jpg\" alt=\"\" class=\"wp-image-428\" srcset=\"\/alzina2025\/wp-content\/uploads\/2024\/12\/IMG_20241111_122732-2-1024x462.jpg 1024w, \/alzina2025\/wp-content\/uploads\/2024\/12\/IMG_20241111_122732-2-300x135.jpg 300w, \/alzina2025\/wp-content\/uploads\/2024\/12\/IMG_20241111_122732-2-768x346.jpg 768w, \/alzina2025\/wp-content\/uploads\/2024\/12\/IMG_20241111_122732-2-1536x693.jpg 1536w, \/alzina2025\/wp-content\/uploads\/2024\/12\/IMG_20241111_122732-2-2048x924.jpg 2048w\" sizes=\"auto, (max-width: 767px) 89vw, (max-width: 1000px) 54vw, (max-width: 1071px) 543px, 580px\" \/><\/figure>\n\n\n\n<p class=\"wp-block-paragraph\">Quan ja vam acabar-la, cadascun va escriure als dibuixos dels altres frases positives que pens\u00e9ssim sobre ells, i un epitafi de com ens agradaria que ens recordessin. <\/p>\n\n\n\n<p class=\"wp-block-paragraph\">Despr\u00e9s vam escriure frases curtes descrivint els diferents dibuixos.\u00a0<\/p>\n\n\n\n<figure class=\"wp-block-image size-large\"><img loading=\"lazy\" decoding=\"async\" width=\"1024\" height=\"462\" src=\"\/alzina2025\/wp-content\/uploads\/2024\/12\/IMG_20241111_114515-1024x462.jpg\" alt=\"\" class=\"wp-image-430\" srcset=\"\/alzina2025\/wp-content\/uploads\/2024\/12\/IMG_20241111_114515-1024x462.jpg 1024w, \/alzina2025\/wp-content\/uploads\/2024\/12\/IMG_20241111_114515-300x135.jpg 300w, \/alzina2025\/wp-content\/uploads\/2024\/12\/IMG_20241111_114515-768x346.jpg 768w, \/alzina2025\/wp-content\/uploads\/2024\/12\/IMG_20241111_114515-1536x693.jpg 1536w, \/alzina2025\/wp-content\/uploads\/2024\/12\/IMG_20241111_114515-2048x924.jpg 2048w\" sizes=\"auto, (max-width: 767px) 89vw, (max-width: 1000px) 54vw, (max-width: 1071px) 543px, 580px\" \/><\/figure>\n\n\n\n<p class=\"wp-block-paragraph\">A m\u00e9s a m\u00e9s v\u00e0rem afegir objectes personals amb c\u00e0rrega emocional i fotografies que fossin importants per a nosaltres.\u00a0<\/p>\n\n\n\n<figure class=\"wp-block-image size-large\"><img loading=\"lazy\" decoding=\"async\" width=\"1024\" height=\"462\" src=\"\/alzina2025\/wp-content\/uploads\/2024\/12\/IMG_20241111_114429-1-1024x462.jpg\" alt=\"\" class=\"wp-image-432\" srcset=\"\/alzina2025\/wp-content\/uploads\/2024\/12\/IMG_20241111_114429-1-1024x462.jpg 1024w, \/alzina2025\/wp-content\/uploads\/2024\/12\/IMG_20241111_114429-1-300x135.jpg 300w, \/alzina2025\/wp-content\/uploads\/2024\/12\/IMG_20241111_114429-1-768x346.jpg 768w, \/alzina2025\/wp-content\/uploads\/2024\/12\/IMG_20241111_114429-1-1536x693.jpg 1536w, \/alzina2025\/wp-content\/uploads\/2024\/12\/IMG_20241111_114429-1-2048x924.jpg 2048w\" sizes=\"auto, (max-width: 767px) 89vw, (max-width: 1000px) 54vw, (max-width: 1071px) 543px, 580px\" \/><\/figure>\n\n\n\n<p class=\"wp-block-paragraph\"><br>Resulta interessant parar-se a pensar i sentir totes aquestes coses que, com que formen part d\u2019una mateix, aparentment no les valorem i resulta que s\u00f3n les que ens defineixen i ens formen com a persona.<\/p>\n","protected":false},"excerpt":{"rendered":"<p>Aquestes \u00faltimes setmanes hem estat treballant amb la Carla una feina d\u2019introspecci\u00f3. La primera tasca que hem fet, ha sigut un document en el qual hav\u00edem de pensar un esdeveniment important de cada any de la nostra vida. Despr\u00e9s, ens vam posar en parelles, i vam calcar la nostra silueta en un paper molt gran. &hellip; <\/p>\n<p class=\"link-more\"><a href=\"\/alzina2025\/que-fem-amb-la-carla\/\" class=\"more-link\">Continua llegint <span class=\"screen-reader-text\">\u00abFeina introspectiva\u00bb<\/span><\/a><\/p>\n","protected":false},"author":15,"featured_media":0,"comment_status":"open","ping_status":"open","sticky":false,"template":"","format":"standard","meta":{"footnotes":""},"categories":[1],"tags":[],"class_list":["post-424","post","type-post","status-publish","format-standard","hentry","category-general"],"_links":{"self":[{"href":"\/alzina2025\/wp-json\/wp\/v2\/posts\/424","targetHints":{"allow":["GET"]}}],"collection":[{"href":"\/alzina2025\/wp-json\/wp\/v2\/posts"}],"about":[{"href":"\/alzina2025\/wp-json\/wp\/v2\/types\/post"}],"author":[{"embeddable":true,"href":"\/alzina2025\/wp-json\/wp\/v2\/users\/15"}],"replies":[{"embeddable":true,"href":"\/alzina2025\/wp-json\/wp\/v2\/comments?post=424"}],"version-history":[{"count":2,"href":"\/alzina2025\/wp-json\/wp\/v2\/posts\/424\/revisions"}],"predecessor-version":[{"id":436,"href":"\/alzina2025\/wp-json\/wp\/v2\/posts\/424\/revisions\/436"}],"wp:attachment":[{"href":"\/alzina2025\/wp-json\/wp\/v2\/media?parent=424"}],"wp:term":[{"taxonomy":"category","embeddable":true,"href":"\/alzina2025\/wp-json\/wp\/v2\/categories?post=424"},{"taxonomy":"post_tag","embeddable":true,"href":"\/alzina2025\/wp-json\/wp\/v2\/tags?post=424"}],"curies":[{"name":"wp","href":"https:\/\/api.w.org\/{rel}","templated":true}]}}