{"id":449,"date":"2025-01-20T13:49:47","date_gmt":"2025-01-20T11:49:47","guid":{"rendered":"\/alzina2025\/?p=449"},"modified":"2025-01-20T13:49:47","modified_gmt":"2025-01-20T11:49:47","slug":"reiterat-rei-tarat","status":"publish","type":"post","link":"\/alzina2025\/reiterat-rei-tarat\/","title":{"rendered":"Reiterat rei tarat"},"content":{"rendered":"\n<figure class=\"wp-block-image size-large\"><img loading=\"lazy\" decoding=\"async\" width=\"1024\" height=\"574\" src=\"\/alzina2025\/wp-content\/uploads\/2025\/01\/Reiterat-Rei-Tarat-1024x574.png\" alt=\"\" class=\"wp-image-450\" srcset=\"\/alzina2025\/wp-content\/uploads\/2025\/01\/Reiterat-Rei-Tarat-1024x574.png 1024w, \/alzina2025\/wp-content\/uploads\/2025\/01\/Reiterat-Rei-Tarat-300x168.png 300w, \/alzina2025\/wp-content\/uploads\/2025\/01\/Reiterat-Rei-Tarat-768x430.png 768w, \/alzina2025\/wp-content\/uploads\/2025\/01\/Reiterat-Rei-Tarat.png 1053w\" sizes=\"auto, (max-width: 767px) 89vw, (max-width: 1000px) 54vw, (max-width: 1071px) 543px, 580px\" \/><\/figure>\n\n\n\n<p class=\"wp-block-paragraph\">El dia 10 de desembre, hem pogut con\u00e8ixer i gaudir aquesta hist\u00f2ria amb una interpretaci\u00f3 teatral contempor\u00e0nia. A la sala petita del\u00a0Teatre Lliure\u00a0de Montju\u00efc hem pogut sentir els dos personatges en un espai quasi fosc, minimalista, \u00edntim i molt proper. Canvis d&#8217;il\u00b7luminaci\u00f3 que anaven accentuant diversos episodis dram\u00e0tics, vestuaris i colors que ajudaven a caracteritzar els personatges, objectes absents i presents potenciaven les accions&#8230; <strong>El\u00a0Reiterat rei tarat\u00a0<\/strong>\u00e9s una obra on els actors expressen amb els seus personatges (pare-filla, rei-princesa) un c\u00famul\u00a0de sentiments caiguts en desgr\u00e0cia,\u00a0amb mon\u00f2legs i di\u00e0legs directes i\u00a0en\u00e8rgics\u00a0que ens atropellaven de tan a prop que estaven dels espectadors.<\/p>\n\n\n\n<figure class=\"wp-block-image size-large\"><img loading=\"lazy\" decoding=\"async\" width=\"1024\" height=\"1024\" src=\"\/alzina2025\/wp-content\/uploads\/2025\/01\/IMG_20241210_131437069_HDR-1024x1024.jpg\" alt=\"\" class=\"wp-image-451\" srcset=\"\/alzina2025\/wp-content\/uploads\/2025\/01\/IMG_20241210_131437069_HDR-1024x1024.jpg 1024w, \/alzina2025\/wp-content\/uploads\/2025\/01\/IMG_20241210_131437069_HDR-300x300.jpg 300w, \/alzina2025\/wp-content\/uploads\/2025\/01\/IMG_20241210_131437069_HDR-150x150.jpg 150w, \/alzina2025\/wp-content\/uploads\/2025\/01\/IMG_20241210_131437069_HDR-768x768.jpg 768w, \/alzina2025\/wp-content\/uploads\/2025\/01\/IMG_20241210_131437069_HDR-1536x1536.jpg 1536w, \/alzina2025\/wp-content\/uploads\/2025\/01\/IMG_20241210_131437069_HDR-2048x2048.jpg 2048w, \/alzina2025\/wp-content\/uploads\/2025\/01\/IMG_20241210_131437069_HDR-100x100.jpg 100w\" sizes=\"auto, (max-width: 767px) 89vw, (max-width: 1000px) 54vw, (max-width: 1071px) 543px, 580px\" \/><\/figure>\n\n\n\n<p class=\"wp-block-paragraph\">Despr\u00e9s d&#8217;una hora intensa, hem canviat d&#8217;escenari. Ens han convidat a veure les entranyes del Teatre Lliure per entendre tot all\u00f2 que fa possible la representaci\u00f3 d&#8217;una obra teatral. <\/p>\n\n\n\n<figure class=\"wp-block-image size-large\"><img loading=\"lazy\" decoding=\"async\" width=\"1024\" height=\"1024\" src=\"\/alzina2025\/wp-content\/uploads\/2025\/01\/IMG_20241210_130957212_HDR-1024x1024.jpg\" alt=\"\" class=\"wp-image-452\" srcset=\"\/alzina2025\/wp-content\/uploads\/2025\/01\/IMG_20241210_130957212_HDR-1024x1024.jpg 1024w, \/alzina2025\/wp-content\/uploads\/2025\/01\/IMG_20241210_130957212_HDR-300x300.jpg 300w, \/alzina2025\/wp-content\/uploads\/2025\/01\/IMG_20241210_130957212_HDR-150x150.jpg 150w, \/alzina2025\/wp-content\/uploads\/2025\/01\/IMG_20241210_130957212_HDR-768x768.jpg 768w, \/alzina2025\/wp-content\/uploads\/2025\/01\/IMG_20241210_130957212_HDR-1536x1536.jpg 1536w, \/alzina2025\/wp-content\/uploads\/2025\/01\/IMG_20241210_130957212_HDR-2048x2048.jpg 2048w, \/alzina2025\/wp-content\/uploads\/2025\/01\/IMG_20241210_130957212_HDR-100x100.jpg 100w\" sizes=\"auto, (max-width: 767px) 89vw, (max-width: 1000px) 54vw, (max-width: 1071px) 543px, 580px\" \/><\/figure>\n\n\n\n<p class=\"wp-block-paragraph\">El que m\u00e9s ha sorpr\u00e8s\u00a0\u00e9s la sala gran (anomenada Fabi\u00e0 Puigserver) per les seves dimensions, la seva decoraci\u00f3, l&#8217;interior de l&#8217;immens escenari i, sobretot, la polival\u00e8ncia de transformar l&#8217;espai de butaques en escenaris diferents.<\/p>\n\n\n\n<figure class=\"wp-block-image size-large\"><img loading=\"lazy\" decoding=\"async\" width=\"1024\" height=\"1024\" src=\"\/alzina2025\/wp-content\/uploads\/2025\/01\/IMG_20241210_131513821_HDR-1024x1024.jpg\" alt=\"\" class=\"wp-image-454\" srcset=\"\/alzina2025\/wp-content\/uploads\/2025\/01\/IMG_20241210_131513821_HDR-1024x1024.jpg 1024w, \/alzina2025\/wp-content\/uploads\/2025\/01\/IMG_20241210_131513821_HDR-300x300.jpg 300w, \/alzina2025\/wp-content\/uploads\/2025\/01\/IMG_20241210_131513821_HDR-150x150.jpg 150w, \/alzina2025\/wp-content\/uploads\/2025\/01\/IMG_20241210_131513821_HDR-768x768.jpg 768w, \/alzina2025\/wp-content\/uploads\/2025\/01\/IMG_20241210_131513821_HDR-1536x1536.jpg 1536w, \/alzina2025\/wp-content\/uploads\/2025\/01\/IMG_20241210_131513821_HDR-2048x2048.jpg 2048w, \/alzina2025\/wp-content\/uploads\/2025\/01\/IMG_20241210_131513821_HDR-100x100.jpg 100w\" sizes=\"auto, (max-width: 767px) 89vw, (max-width: 1000px) 54vw, (max-width: 1071px) 543px, 580px\" \/><\/figure>\n\n\n\n<p class=\"wp-block-paragraph\">Cada cop som m\u00e9s a prop de viure la nostra pr\u00f2pia experi\u00e8ncia teatral i, visites com aquesta ens fa entendre la feinada que hi ha darrera de qualsevol espectacle, alhora que veiem tot el que ens falta encara per assolir-la de manera satisfact\u00f2ria. <\/p>\n\n\n\n<p class=\"wp-block-paragraph\"><\/p>\n","protected":false},"excerpt":{"rendered":"<p>El dia 10 de desembre, hem pogut con\u00e8ixer i gaudir aquesta hist\u00f2ria amb una interpretaci\u00f3 teatral contempor\u00e0nia. A la sala petita del\u00a0Teatre Lliure\u00a0de Montju\u00efc hem pogut sentir els dos personatges en un espai quasi fosc, minimalista, \u00edntim i molt proper. Canvis d&#8217;il\u00b7luminaci\u00f3 que anaven accentuant diversos episodis dram\u00e0tics, vestuaris i colors que ajudaven a caracteritzar &hellip; <\/p>\n<p class=\"link-more\"><a href=\"\/alzina2025\/reiterat-rei-tarat\/\" class=\"more-link\">Continua llegint <span class=\"screen-reader-text\">\u00abReiterat rei tarat\u00bb<\/span><\/a><\/p>\n","protected":false},"author":15,"featured_media":0,"comment_status":"open","ping_status":"open","sticky":false,"template":"","format":"standard","meta":{"footnotes":""},"categories":[1],"tags":[],"class_list":["post-449","post","type-post","status-publish","format-standard","hentry","category-general"],"_links":{"self":[{"href":"\/alzina2025\/wp-json\/wp\/v2\/posts\/449","targetHints":{"allow":["GET"]}}],"collection":[{"href":"\/alzina2025\/wp-json\/wp\/v2\/posts"}],"about":[{"href":"\/alzina2025\/wp-json\/wp\/v2\/types\/post"}],"author":[{"embeddable":true,"href":"\/alzina2025\/wp-json\/wp\/v2\/users\/15"}],"replies":[{"embeddable":true,"href":"\/alzina2025\/wp-json\/wp\/v2\/comments?post=449"}],"version-history":[{"count":1,"href":"\/alzina2025\/wp-json\/wp\/v2\/posts\/449\/revisions"}],"predecessor-version":[{"id":455,"href":"\/alzina2025\/wp-json\/wp\/v2\/posts\/449\/revisions\/455"}],"wp:attachment":[{"href":"\/alzina2025\/wp-json\/wp\/v2\/media?parent=449"}],"wp:term":[{"taxonomy":"category","embeddable":true,"href":"\/alzina2025\/wp-json\/wp\/v2\/categories?post=449"},{"taxonomy":"post_tag","embeddable":true,"href":"\/alzina2025\/wp-json\/wp\/v2\/tags?post=449"}],"curies":[{"name":"wp","href":"https:\/\/api.w.org\/{rel}","templated":true}]}}