{"id":459,"date":"2025-02-24T13:48:33","date_gmt":"2025-02-24T11:48:33","guid":{"rendered":"\/alzina2025\/?p=459"},"modified":"2025-02-24T13:48:33","modified_gmt":"2025-02-24T11:48:33","slug":"sessio-oberta","status":"publish","type":"post","link":"\/alzina2025\/sessio-oberta\/","title":{"rendered":"SESSI\u00d3 OBERTA"},"content":{"rendered":"\n<p class=\"wp-block-paragraph\">El passat 12 de febrer a la tarda v\u00e0rem fer una sessi\u00f3 oberta davant de tot el professorat de l&#8217;institut.<\/p>\n\n\n\n<figure class=\"wp-block-video\"><video height=\"1080\" style=\"aspect-ratio: 1920 \/ 1080;\" width=\"1920\" controls src=\"\/alzina2025\/wp-content\/uploads\/2025\/02\/VID_20250212_161559-1-1-1.mp4\"><\/video><\/figure>\n\n\n\n<p class=\"wp-block-paragraph\">  <\/p>\n\n\n\n<p class=\"wp-block-paragraph\">No sab\u00edem amb quina reacci\u00f3 ens trobar\u00edem per\u00f2, finalment, la resposta  general ha estat molt entusiasta: \u00ab<em>Veient-vos, sentint-vos ara aqu\u00ed en aquest gimn\u00e0s m&#8217;he vist i m&#8217;he sentit com vosaltres fa molts anys<\/em>.\u00bb <\/p>\n\n\n\n<figure class=\"wp-block-image size-large\"><img loading=\"lazy\" decoding=\"async\" width=\"1024\" height=\"1024\" src=\"\/alzina2025\/wp-content\/uploads\/2025\/02\/1739790191233-1024x1024.jpg\" alt=\"\" class=\"wp-image-460\" srcset=\"\/alzina2025\/wp-content\/uploads\/2025\/02\/1739790191233-1024x1024.jpg 1024w, \/alzina2025\/wp-content\/uploads\/2025\/02\/1739790191233-300x300.jpg 300w, \/alzina2025\/wp-content\/uploads\/2025\/02\/1739790191233-150x150.jpg 150w, \/alzina2025\/wp-content\/uploads\/2025\/02\/1739790191233-768x768.jpg 768w, \/alzina2025\/wp-content\/uploads\/2025\/02\/1739790191233-1536x1536.jpg 1536w, \/alzina2025\/wp-content\/uploads\/2025\/02\/1739790191233-2048x2048.jpg 2048w, \/alzina2025\/wp-content\/uploads\/2025\/02\/1739790191233-100x100.jpg 100w\" sizes=\"auto, (max-width: 767px) 89vw, (max-width: 1000px) 54vw, (max-width: 1071px) 543px, 580px\" \/><\/figure>\n\n\n\n<p class=\"wp-block-paragraph\">Li donem import\u00e0ncia al proc\u00e9s creatiu, de com el producte va agafant forma a partir de les nostres idees i que la Carla, va modelant per a que les puguem expressar: volem cridar les nostres preocupacions i desitjos, i volem que tothom les sentin.<\/p>\n\n\n\n<figure class=\"wp-block-image size-large\"><img loading=\"lazy\" decoding=\"async\" width=\"1024\" height=\"1024\" src=\"\/alzina2025\/wp-content\/uploads\/2025\/02\/1739790191039-1024x1024.jpg\" alt=\"\" class=\"wp-image-462\" srcset=\"\/alzina2025\/wp-content\/uploads\/2025\/02\/1739790191039-1024x1024.jpg 1024w, \/alzina2025\/wp-content\/uploads\/2025\/02\/1739790191039-300x300.jpg 300w, \/alzina2025\/wp-content\/uploads\/2025\/02\/1739790191039-150x150.jpg 150w, \/alzina2025\/wp-content\/uploads\/2025\/02\/1739790191039-768x768.jpg 768w, \/alzina2025\/wp-content\/uploads\/2025\/02\/1739790191039-1536x1536.jpg 1536w, \/alzina2025\/wp-content\/uploads\/2025\/02\/1739790191039-2048x2048.jpg 2048w, \/alzina2025\/wp-content\/uploads\/2025\/02\/1739790191039-100x100.jpg 100w\" sizes=\"auto, (max-width: 767px) 89vw, (max-width: 1000px) 54vw, (max-width: 1071px) 543px, 580px\" \/><\/figure>\n\n\n\n<p class=\"wp-block-paragraph\">El que va comen\u00e7ar fa uns mesos com uns exercicis d&#8217;escriptura que no sab\u00edem on ens portarien, s&#8217;ha convertit m\u00e9s en una necessitat de treure all\u00f2 que hem trobat dins nostre: somnis, merdes, pors, reflexions&#8230; un garbuix de coses que cal que tr\u00e8iem sense prejudicis.<\/p>\n\n\n\n<figure class=\"wp-block-gallery has-nested-images columns-default is-cropped wp-block-gallery-1 is-layout-flex wp-block-gallery-is-layout-flex\">\n<figure class=\"wp-block-image size-large\"><img loading=\"lazy\" decoding=\"async\" width=\"1024\" height=\"1024\" data-id=\"464\" src=\"\/alzina2025\/wp-content\/uploads\/2025\/02\/IMG_20250212_155754-1-1024x1024.jpg\" alt=\"\" class=\"wp-image-464\" srcset=\"\/alzina2025\/wp-content\/uploads\/2025\/02\/IMG_20250212_155754-1-1024x1024.jpg 1024w, \/alzina2025\/wp-content\/uploads\/2025\/02\/IMG_20250212_155754-1-300x300.jpg 300w, \/alzina2025\/wp-content\/uploads\/2025\/02\/IMG_20250212_155754-1-150x150.jpg 150w, \/alzina2025\/wp-content\/uploads\/2025\/02\/IMG_20250212_155754-1-768x768.jpg 768w, \/alzina2025\/wp-content\/uploads\/2025\/02\/IMG_20250212_155754-1-1536x1536.jpg 1536w, \/alzina2025\/wp-content\/uploads\/2025\/02\/IMG_20250212_155754-1-2048x2048.jpg 2048w, \/alzina2025\/wp-content\/uploads\/2025\/02\/IMG_20250212_155754-1-100x100.jpg 100w\" sizes=\"auto, (max-width: 767px) 89vw, (max-width: 1000px) 54vw, (max-width: 1071px) 543px, 580px\" \/><\/figure>\n<\/figure>\n","protected":false},"excerpt":{"rendered":"<p>El passat 12 de febrer a la tarda v\u00e0rem fer una sessi\u00f3 oberta davant de tot el professorat de l&#8217;institut. No sab\u00edem amb quina reacci\u00f3 ens trobar\u00edem per\u00f2, finalment, la resposta general ha estat molt entusiasta: \u00abVeient-vos, sentint-vos ara aqu\u00ed en aquest gimn\u00e0s m&#8217;he vist i m&#8217;he sentit com vosaltres fa molts anys.\u00bb Li donem &hellip; <\/p>\n<p class=\"link-more\"><a href=\"\/alzina2025\/sessio-oberta\/\" class=\"more-link\">Continua llegint <span class=\"screen-reader-text\">\u00abSESSI\u00d3 OBERTA\u00bb<\/span><\/a><\/p>\n","protected":false},"author":15,"featured_media":0,"comment_status":"open","ping_status":"open","sticky":false,"template":"","format":"standard","meta":{"footnotes":""},"categories":[1],"tags":[],"class_list":["post-459","post","type-post","status-publish","format-standard","hentry","category-general"],"_links":{"self":[{"href":"\/alzina2025\/wp-json\/wp\/v2\/posts\/459","targetHints":{"allow":["GET"]}}],"collection":[{"href":"\/alzina2025\/wp-json\/wp\/v2\/posts"}],"about":[{"href":"\/alzina2025\/wp-json\/wp\/v2\/types\/post"}],"author":[{"embeddable":true,"href":"\/alzina2025\/wp-json\/wp\/v2\/users\/15"}],"replies":[{"embeddable":true,"href":"\/alzina2025\/wp-json\/wp\/v2\/comments?post=459"}],"version-history":[{"count":1,"href":"\/alzina2025\/wp-json\/wp\/v2\/posts\/459\/revisions"}],"predecessor-version":[{"id":465,"href":"\/alzina2025\/wp-json\/wp\/v2\/posts\/459\/revisions\/465"}],"wp:attachment":[{"href":"\/alzina2025\/wp-json\/wp\/v2\/media?parent=459"}],"wp:term":[{"taxonomy":"category","embeddable":true,"href":"\/alzina2025\/wp-json\/wp\/v2\/categories?post=459"},{"taxonomy":"post_tag","embeddable":true,"href":"\/alzina2025\/wp-json\/wp\/v2\/tags?post=459"}],"curies":[{"name":"wp","href":"https:\/\/api.w.org\/{rel}","templated":true}]}}