{"id":475,"date":"2025-04-07T12:37:44","date_gmt":"2025-04-07T10:37:44","guid":{"rendered":"\/alzina2025\/?p=475"},"modified":"2025-04-07T12:37:44","modified_gmt":"2025-04-07T10:37:44","slug":"expressant-nos-amb-el-cos","status":"publish","type":"post","link":"\/alzina2025\/expressant-nos-amb-el-cos\/","title":{"rendered":"EXPRESSANT-NOS AMB EL COS"},"content":{"rendered":"\n<p class=\"wp-block-paragraph\">Una part fonamental de l\u2019obra que estem preparant amb la Carla s\u00f3n les coreografies. No nom\u00e9s ens expressem amb paraules, tamb\u00e9 ho fem amb el nostre cos.<\/p>\n\n\n\n<figure class=\"wp-block-image size-large\"><img loading=\"lazy\" decoding=\"async\" width=\"1024\" height=\"461\" src=\"\/alzina2025\/wp-content\/uploads\/2025\/04\/IMG_20241014_120054926_HDR-1024x461.jpg\" alt=\"\" class=\"wp-image-481\" srcset=\"\/alzina2025\/wp-content\/uploads\/2025\/04\/IMG_20241014_120054926_HDR-1024x461.jpg 1024w, \/alzina2025\/wp-content\/uploads\/2025\/04\/IMG_20241014_120054926_HDR-300x135.jpg 300w, \/alzina2025\/wp-content\/uploads\/2025\/04\/IMG_20241014_120054926_HDR-768x345.jpg 768w, \/alzina2025\/wp-content\/uploads\/2025\/04\/IMG_20241014_120054926_HDR-1536x691.jpg 1536w, \/alzina2025\/wp-content\/uploads\/2025\/04\/IMG_20241014_120054926_HDR-2048x921.jpg 2048w\" sizes=\"auto, (max-width: 767px) 89vw, (max-width: 1000px) 54vw, (max-width: 1071px) 543px, 580px\" \/><\/figure>\n\n\n\n<p class=\"wp-block-paragraph\">Hem muntat diverses coreografies per expressar els nostres sentiments.<\/p>\n\n\n\n<p class=\"wp-block-paragraph\">Una de les coreografies les vam crear fent parelles, ensenyant-nos les nostres vides en una coreografia. Despr\u00e9s es van ajuntar dues parelles i van crear una pe\u00e7a de ball.<\/p>\n\n\n\n<figure class=\"wp-block-video\"><video height=\"1080\" style=\"aspect-ratio: 1920 \/ 1080;\" width=\"1920\" controls src=\"\/alzina2025\/wp-content\/uploads\/2025\/04\/vid-20250203-130916_QB0VkSuf.mp4\"><\/video><\/figure>\n\n\n\n<p class=\"wp-block-paragraph\">Una vegada tots est\u00e0vem en grups de 2,4,5 persones ho vam ajuntar tot i va sortir la coreografia de la nostra vida.&nbsp;<\/p>\n\n\n\n<p class=\"wp-block-paragraph\">Despr\u00e9s d&#8217;explicar les nostres vides fem una mena de monstre tapant a unes persones, simulant com si fossin invisibles a la societat, com si no volguessin que existissin.<\/p>\n\n\n\n<figure class=\"wp-block-image size-large is-resized\"><img loading=\"lazy\" decoding=\"async\" width=\"462\" height=\"1024\" src=\"\/alzina2025\/wp-content\/uploads\/2025\/04\/IMG_20250113_120803-462x1024.jpg\" alt=\"\" class=\"wp-image-485\" style=\"width:674px;height:auto\" srcset=\"\/alzina2025\/wp-content\/uploads\/2025\/04\/IMG_20250113_120803-462x1024.jpg 462w, \/alzina2025\/wp-content\/uploads\/2025\/04\/IMG_20250113_120803-135x300.jpg 135w, \/alzina2025\/wp-content\/uploads\/2025\/04\/IMG_20250113_120803-768x1703.jpg 768w, \/alzina2025\/wp-content\/uploads\/2025\/04\/IMG_20250113_120803-693x1536.jpg 693w, \/alzina2025\/wp-content\/uploads\/2025\/04\/IMG_20250113_120803-924x2048.jpg 924w, \/alzina2025\/wp-content\/uploads\/2025\/04\/IMG_20250113_120803-scaled.jpg 1155w\" sizes=\"auto, (max-width: 462px) 100vw, 462px\" \/><\/figure>\n\n\n\n<p class=\"wp-block-paragraph\">La segona coreografia expliquem de qu\u00e8 va l\u2019obra, mentre una persona diu una frase els altres han de fer uns moviments que concorden amb el que diuen i aix\u00ed tota l\u2019estona fins que tothom diu alguna cosa.<\/p>\n\n\n\n<p class=\"wp-block-paragraph\">Una de les altres peces que tenim \u00e9s la de les activitats quotidianes, \u00e9s una pe\u00e7a en qu\u00e8 expliquem les coses que fem en un dia a dia. Uns fan esports, altres estudien, alguns estan a casa i els altres a l&#8217;institut.<\/p>\n\n\n\n<figure class=\"wp-block-video\"><video height=\"1080\" style=\"aspect-ratio: 1920 \/ 1080;\" width=\"1920\" controls src=\"\/alzina2025\/wp-content\/uploads\/2025\/04\/VID_20250227_103832-1.mp4\"><\/video><\/figure>\n\n\n\n<p class=\"wp-block-paragraph\">Mentre que unes persones diuen el text els altres estan fent una coreografia que es diu banc de peixos, que consisteix a ensenyar activitats de la nostra vida, fent-ho cada cop m\u00e9s r\u00e0pid, i aix\u00f2 simula l\u2019estr\u00e8s que ens provoca.<\/p>\n\n\n\n<figure class=\"wp-block-image size-large\"><img loading=\"lazy\" decoding=\"async\" width=\"1024\" height=\"462\" src=\"\/alzina2025\/wp-content\/uploads\/2025\/04\/IMG_20250120_130945-1024x462.jpg\" alt=\"\" class=\"wp-image-483\" srcset=\"\/alzina2025\/wp-content\/uploads\/2025\/04\/IMG_20250120_130945-1024x462.jpg 1024w, \/alzina2025\/wp-content\/uploads\/2025\/04\/IMG_20250120_130945-300x135.jpg 300w, \/alzina2025\/wp-content\/uploads\/2025\/04\/IMG_20250120_130945-768x346.jpg 768w, \/alzina2025\/wp-content\/uploads\/2025\/04\/IMG_20250120_130945-1536x693.jpg 1536w, \/alzina2025\/wp-content\/uploads\/2025\/04\/IMG_20250120_130945-2048x924.jpg 2048w\" sizes=\"auto, (max-width: 767px) 89vw, (max-width: 1000px) 54vw, (max-width: 1071px) 543px, 580px\" \/><\/figure>\n\n\n\n<p class=\"wp-block-paragraph\">TIC-TAC, TIC-TAC, TIC&#8230; la data d&#8217;estrena s&#8217;apropa inexorable i els nervis s\u00f3n cada dia m\u00e9s presents&#8230; TAC.<\/p>\n","protected":false},"excerpt":{"rendered":"<p>Una part fonamental de l\u2019obra que estem preparant amb la Carla s\u00f3n les coreografies. No nom\u00e9s ens expressem amb paraules, tamb\u00e9 ho fem amb el nostre cos. Hem muntat diverses coreografies per expressar els nostres sentiments. Una de les coreografies les vam crear fent parelles, ensenyant-nos les nostres vides en una coreografia. Despr\u00e9s es van &hellip; <\/p>\n<p class=\"link-more\"><a href=\"\/alzina2025\/expressant-nos-amb-el-cos\/\" class=\"more-link\">Continua llegint <span class=\"screen-reader-text\">\u00abEXPRESSANT-NOS AMB EL COS\u00bb<\/span><\/a><\/p>\n","protected":false},"author":15,"featured_media":0,"comment_status":"open","ping_status":"open","sticky":false,"template":"","format":"standard","meta":{"footnotes":""},"categories":[1],"tags":[],"class_list":["post-475","post","type-post","status-publish","format-standard","hentry","category-general"],"_links":{"self":[{"href":"\/alzina2025\/wp-json\/wp\/v2\/posts\/475","targetHints":{"allow":["GET"]}}],"collection":[{"href":"\/alzina2025\/wp-json\/wp\/v2\/posts"}],"about":[{"href":"\/alzina2025\/wp-json\/wp\/v2\/types\/post"}],"author":[{"embeddable":true,"href":"\/alzina2025\/wp-json\/wp\/v2\/users\/15"}],"replies":[{"embeddable":true,"href":"\/alzina2025\/wp-json\/wp\/v2\/comments?post=475"}],"version-history":[{"count":2,"href":"\/alzina2025\/wp-json\/wp\/v2\/posts\/475\/revisions"}],"predecessor-version":[{"id":486,"href":"\/alzina2025\/wp-json\/wp\/v2\/posts\/475\/revisions\/486"}],"wp:attachment":[{"href":"\/alzina2025\/wp-json\/wp\/v2\/media?parent=475"}],"wp:term":[{"taxonomy":"category","embeddable":true,"href":"\/alzina2025\/wp-json\/wp\/v2\/categories?post=475"},{"taxonomy":"post_tag","embeddable":true,"href":"\/alzina2025\/wp-json\/wp\/v2\/tags?post=475"}],"curies":[{"name":"wp","href":"https:\/\/api.w.org\/{rel}","templated":true}]}}