{"id":100,"date":"2026-02-02T14:54:22","date_gmt":"2026-02-02T12:54:22","guid":{"rendered":"\/alzina2026\/?p=100"},"modified":"2026-02-02T14:54:22","modified_gmt":"2026-02-02T12:54:22","slug":"cinc-dies-per-ballar","status":"publish","type":"post","link":"\/alzina2026\/cinc-dies-per-ballar\/","title":{"rendered":"CINC DIES PER BALLAR"},"content":{"rendered":"\n<p class=\"wp-block-paragraph\">V\u00e0rem passar a l&#8217;aula un documental, \u00ab<em>Five days to dance<\/em>\u00ab, 2014 Rafael Mol\u00e9s i Jos\u00e9 Andreu. que tractava d&#8217;un institut del Pais Vasc on durant 5 dies es parava tot per preparar un espectacle de dansa. L&#8217;institut presentava problemes de relaci\u00f3 entre l&#8217;alumnat i feien servir l&#8217;art com a eina de cohessi\u00f3. <\/p>\n\n\n\n<figure class=\"wp-block-embed is-type-video is-provider-youtube wp-block-embed-youtube wp-embed-aspect-16-9 wp-has-aspect-ratio\"><div class=\"wp-block-embed__wrapper\">\n<iframe loading=\"lazy\" title=\"Five Days to Dance | OFFICIAL TRAILER | A film by Rafael Mol\u00e9s &amp; Jos\u00e9 Andreu\" width=\"525\" height=\"295\" src=\"https:\/\/www.youtube.com\/embed\/iafDZtiAh4Y?feature=oembed\" frameborder=\"0\" allow=\"accelerometer; autoplay; clipboard-write; encrypted-media; gyroscope; picture-in-picture; web-share\" referrerpolicy=\"strict-origin-when-cross-origin\" allowfullscreen><\/iframe>\n<\/div><\/figure>\n\n\n\n<p class=\"wp-block-paragraph\">Aquest s\u00f3n alguns fragments d&#8217;all\u00f2 que v\u00e0rem escriure i compartir entre nosaltres a l&#8217;aula: <\/p>\n\n\n\n<p class=\"wp-block-paragraph\">Hi ha una frase del documental que m\u2019ha agradat molt: \u201cUna persona t\u00e9 valor quan fa alguna cosa i \u00e9s reconeguda per aix\u00f2, per\u00f2 no hauria de ser aix\u00ed, perqu\u00e8 has de tenir valor per ser com ets.\u201d Estic molt d&#8217;acord perqu\u00e8 has de tenir valor per se tu mateix i fer el que fas, no per una acci\u00f3. M\u2019ha agradat molt, en part, perqu\u00e8 surten diferents experi\u00e8ncies explicades en primera persona i veure com aquest projecte els ha ajudat, a poc a poc, a agafar confian\u00e7a i a treure\u2019s el neguit i els ha ajudat a poder mostrar-se i m\u2019ha semblat molt bonic. <\/p>\n\n\n\n<p class=\"has-text-align-right wp-block-paragraph\">Paula B. <\/p>\n\n\n\n<p class=\"wp-block-paragraph\">Al principi, hi ha grups d\u2019amics i no s&#8217;ajunten, no escolten i interrompen, sembla que els costar\u00e0 fer alguna cosa junts, per\u00f2 a poc a poc aprenen a escoltar-se, a ajudar-se i a fer pinya per aconseguir fer l&#8217;obra final.\u00a0M&#8217;ha resultat molt inspirador, i m&#8217;ha donat confian\u00e7a.<\/p>\n\n\n\n<p class=\"has-text-align-right wp-block-paragraph\">Laia Cervantes<\/p>\n\n\n\n<p class=\"wp-block-paragraph\">L&#8217;obra no era nom\u00e9s el que quedava al final sin\u00f3 la creaci\u00f3, l\u2019aprenentatge de les persones durant el cam\u00ed, el proc\u00e9s.<\/p>\n\n\n\n<p class=\"has-text-align-right wp-block-paragraph\">C\u00e8lia Esobar<\/p>\n\n\n\n<p class=\"wp-block-paragraph\">Jo crec que veure\u2019l, ens ha anat molt b\u00e9 per pensar en tot el que podr\u00edem canviar com a grup per tindre millor relaci\u00f3. Totes aquestes coses que ens guardem per nosaltres mateixos, totes aquestes que no diem per qu\u00e8 no encaixen amb l\u2019etiqueta o el rol que nosaltres mateixos ens hem assignat. Totes aquestes coses ens tanquen d\u2019una manera que potser, no nom\u00e9s ens estem limitant a nosaltres mateixos sin\u00f3 que limitem al grup, el frenem, impedim que avanci en altres \u00e0mbits, impedim que es conegui la nostra identitat, i d\u2019aquesta manera impedim crear una identitat grupal (&#8230;) per avan\u00e7ar com a grup s\u2019ha d\u2019aprendre a acceptar els canvis, les situacions noves.<\/p>\n\n\n\n<p class=\"has-text-align-right wp-block-paragraph\">Tere Mart\u00ednez<\/p>\n\n\n\n<p class=\"wp-block-paragraph\">M\u2019ha cridat l\u2019atenci\u00f3 i m\u2019ha agradat que en el documental ensenyessin com els joves tamb\u00e9 es portaven malament en algun moment, no milloraven m\u00e0gicament. Un dels punts forts dels treballs en grup \u00e9s que ens ajuda a millorar les nostres habilitats socials, capacitats d\u2019adaptar-te o la teva comunicaci\u00f3. Perqu\u00e8 t\u2019obliga a escoltar els altres i fer coses que tu sol no faries mai.<\/p>\n\n\n\n<p class=\"has-text-align-right wp-block-paragraph\">Sofia Renau<\/p>\n\n\n\n<p class=\"wp-block-paragraph\"><\/p>\n\n\n\n<p class=\"has-text-align-right wp-block-paragraph\"><\/p>\n\n\n\n<p class=\"wp-block-paragraph\"><\/p>\n","protected":false},"excerpt":{"rendered":"<p>V\u00e0rem passar a l&#8217;aula un documental, \u00abFive days to dance\u00ab, 2014 Rafael Mol\u00e9s i Jos\u00e9 Andreu. que tractava d&#8217;un institut del Pais Vasc on durant 5 dies es parava tot per preparar un espectacle de dansa. L&#8217;institut presentava problemes de relaci\u00f3 entre l&#8217;alumnat i feien servir l&#8217;art com a eina de cohessi\u00f3. Aquest s\u00f3n alguns &hellip; <\/p>\n<p class=\"link-more\"><a href=\"\/alzina2026\/cinc-dies-per-ballar\/\" class=\"more-link\">Continua llegint <span class=\"screen-reader-text\">\u00abCINC DIES PER BALLAR\u00bb<\/span><\/a><\/p>\n","protected":false},"author":5,"featured_media":0,"comment_status":"closed","ping_status":"","sticky":false,"template":"","format":"standard","meta":{"footnotes":""},"categories":[1],"tags":[],"class_list":["post-100","post","type-post","status-publish","format-standard","hentry","category-general"],"_links":{"self":[{"href":"\/alzina2026\/wp-json\/wp\/v2\/posts\/100","targetHints":{"allow":["GET"]}}],"collection":[{"href":"\/alzina2026\/wp-json\/wp\/v2\/posts"}],"about":[{"href":"\/alzina2026\/wp-json\/wp\/v2\/types\/post"}],"author":[{"embeddable":true,"href":"\/alzina2026\/wp-json\/wp\/v2\/users\/5"}],"replies":[{"embeddable":true,"href":"\/alzina2026\/wp-json\/wp\/v2\/comments?post=100"}],"version-history":[{"count":1,"href":"\/alzina2026\/wp-json\/wp\/v2\/posts\/100\/revisions"}],"predecessor-version":[{"id":101,"href":"\/alzina2026\/wp-json\/wp\/v2\/posts\/100\/revisions\/101"}],"wp:attachment":[{"href":"\/alzina2026\/wp-json\/wp\/v2\/media?parent=100"}],"wp:term":[{"taxonomy":"category","embeddable":true,"href":"\/alzina2026\/wp-json\/wp\/v2\/categories?post=100"},{"taxonomy":"post_tag","embeddable":true,"href":"\/alzina2026\/wp-json\/wp\/v2\/tags?post=100"}],"curies":[{"name":"wp","href":"https:\/\/api.w.org\/{rel}","templated":true}]}}